{"id":108473,"date":"2020-06-05T18:34:45","date_gmt":"2020-06-05T15:34:45","guid":{"rendered":"https:\/\/www.sekundomer.ee\/?p=108473"},"modified":"2020-06-05T18:34:45","modified_gmt":"2020-06-05T15:34:45","slug":"eok-sportlaskomisjoni-esimeheks-valiti-gerd-kanter","status":"publish","type":"post","link":"https:\/\/www.sekundomer.ee\/et\/uudised\/eok-sportlaskomisjoni-esimeheks-valiti-gerd-kanter\/","title":{"rendered":"EOK sportlaskomisjoni esimeheks valiti Gerd Kanter"},"content":{"rendered":"<p>Eesti Ol\u00fcmpiakomitee sportlaskomisjon valis oma esimesel koosolekul komisjoni esimeheks ol\u00fcmpiav\u00f5itja Gerd Kanteri. EOK esindajate kogusse volitasid sportlaskomisjoni liikmed ennast esindama uisutaja Saskia Alusalu ja s\u00f5udja Allar Raja.<\/p>\n<p>Teist j\u00e4rjestikust ametiaega sportlaskomisjoni esimeheks valitud Gerd Kanter t\u00e4nas sportlaskomisjoni eelmist koosseisu tehtud t\u00f6\u00f6 eest ning avaldas r\u00f5\u00f5mu uue koosseisu teotahtelisuse ja entusiasmi \u00fcle.<\/p>\n<p>\u201eSportlaste h\u00e4\u00e4l peaks kogu Eesti spordis otsuste tegemisel rohkem k\u00f5lama. Nelja aasta p\u00e4rast tahaksime oma ametiaja l\u00f5puks n\u00e4ha, et suuremates alaliitudes on oma sportlaskomisjon, v\u00e4iksemate alaliitude puhul juhatuses esindaja tegevsportlase n\u00e4ol. Teine suur eesm\u00e4rk on sportlasfoorumi korraldamine. Meie v\u00e4rsked liikmed lisasid, et v\u00e4ga olulisel kohal on kommunikatsiooni t\u00f5hustamine alaliitude ja sportlaste vahel,\u201c \u00fctles Kanter.<\/p>\n<p>EOK sportlaskomisjoni koosseis: Gerd Kanter (kergej\u00f5ustik), Allar Raja (s\u00f5udmine), Saskia Alusalu (uisutamine), Ott Kiivikas (kulturism ja fitness), Johanna Talih\u00e4rm (laskesuusatamine), Kert Toobal (v\u00f5rkpall), Matz Topkin (paraujumine), Liis Kullerkann (v\u00f5rkpall) ja Annika Sakkarias (kergej\u00f5ustik).<\/p>\n<p>EOK sportlaskomisjoni eesm\u00e4rk on sportlaste huvide esindamine ja nende seisukohtade ning soovituste esitamine EOK-le. Komisjon tegeleb aktiivselt ausa m\u00e4ngu vaimus tegutsevate sportlaste \u00f5iguste kaitsmisega ning neile suunatud projektide algatamisega.<\/p>\n<p><em>EOK<\/em><\/p>\n","protected":false},"excerpt":{"rendered":"<p>Eesti Ol\u00fcmpiakomitee sportlaskomisjon valis oma esimesel koosolekul komisjoni esimeheks ol\u00fcmpiav\u00f5itja Gerd Kanteri. EOK esindajate kogusse volitasid sportlaskomisjoni liikmed ennast esindama uisutaja Saskia Alusalu ja s\u00f5udja Allar Raja. Teist j\u00e4rjestikust ametiaega sportlaskomisjoni esimeheks valitud Gerd Kanter t\u00e4nas sportlaskomisjoni eelmist koosseisu tehtud t\u00f6\u00f6 eest ning avaldas r\u00f5\u00f5mu uue koosseisu teotahtelisuse ja entusiasmi \u00fcle. \u201eSportlaste h\u00e4\u00e4l peaks kogu [&hellip;]<\/p>\n","protected":false},"author":80,"featured_media":108476,"comment_status":"open","ping_status":"open","sticky":false,"template":"","format":"standard","meta":{"_seopress_robots_primary_cat":"none","_seopress_titles_title":"","_seopress_titles_desc":"","_seopress_robots_index":"","footnotes":""},"categories":[142],"tags":[],"class_list":{"0":"post-108473","1":"post","2":"type-post","3":"status-publish","4":"format-standard","5":"has-post-thumbnail","7":"category-uudised"},"_links":{"self":[{"href":"https:\/\/www.sekundomer.ee\/et\/wp-json\/wp\/v2\/posts\/108473","targetHints":{"allow":["GET"]}}],"collection":[{"href":"https:\/\/www.sekundomer.ee\/et\/wp-json\/wp\/v2\/posts"}],"about":[{"href":"https:\/\/www.sekundomer.ee\/et\/wp-json\/wp\/v2\/types\/post"}],"author":[{"embeddable":true,"href":"https:\/\/www.sekundomer.ee\/et\/wp-json\/wp\/v2\/users\/80"}],"replies":[{"embeddable":true,"href":"https:\/\/www.sekundomer.ee\/et\/wp-json\/wp\/v2\/comments?post=108473"}],"version-history":[{"count":0,"href":"https:\/\/www.sekundomer.ee\/et\/wp-json\/wp\/v2\/posts\/108473\/revisions"}],"wp:featuredmedia":[{"embeddable":true,"href":"https:\/\/www.sekundomer.ee\/et\/wp-json\/wp\/v2\/media\/108476"}],"wp:attachment":[{"href":"https:\/\/www.sekundomer.ee\/et\/wp-json\/wp\/v2\/media?parent=108473"}],"wp:term":[{"taxonomy":"category","embeddable":true,"href":"https:\/\/www.sekundomer.ee\/et\/wp-json\/wp\/v2\/categories?post=108473"},{"taxonomy":"post_tag","embeddable":true,"href":"https:\/\/www.sekundomer.ee\/et\/wp-json\/wp\/v2\/tags?post=108473"}],"curies":[{"name":"wp","href":"https:\/\/api.w.org\/{rel}","templated":true}]}}