{"id":108828,"date":"2020-06-10T09:51:15","date_gmt":"2020-06-10T06:51:15","guid":{"rendered":"https:\/\/www.sekundomer.ee\/?p=108828"},"modified":"2020-06-10T09:51:15","modified_gmt":"2020-06-10T06:51:15","slug":"evfi-ja-iisaku-gumnaasiumi-koostoos-avatakse-tudrukute-vorkpalliklass","status":"publish","type":"post","link":"https:\/\/www.sekundomer.ee\/et\/uudised\/evfi-ja-iisaku-gumnaasiumi-koostoos-avatakse-tudrukute-vorkpalliklass\/","title":{"rendered":"EVFi ja Iisaku G\u00fcmnaasiumi koost\u00f6\u00f6s avatakse t\u00fcdrukute v\u00f5rkpalliklass"},"content":{"rendered":"<p>Eesti V\u00f5rkpalli Liit alustas Ida-Virumaal v\u00f5rkpallihariduse arendamiseks koost\u00f6\u00f6d Iisaku G\u00fcmnaasiumiga, kus avatakse t\u00fcdrukute v\u00f5rkpalliklass.<\/p>\n<p>V\u00f5rkpalli Liidu president Hanno Pevkur ja Iisaku G\u00fcmnaasiumi direktor K\u00fclli Guljavin allkirjastasid t\u00e4na koost\u00f6\u00f6 m\u00e4rgiks \u00fchiste kavatsuste protokolli, mille kohaselt alustatakse Iisaku G\u00fcmnaasiumi 10. klassis 1. septembril 2020 t\u00fcdrukute s\u00fcvendatud v\u00f5rkpalli\u00f5pet.<\/p>\n<p>Lisaks eraldi t\u00fcdrukute v\u00f5rkpalliklassile alustatakse samal ajal v\u00f5rkpalli lisatreeningutega, mis on avatud k\u00f5ikidele soovijatele, ehk ka neile, kes ei ole Iisaku G\u00fcmnaasiumi \u00f5pilased. V\u00f5imalusel alustatakse tulevikus s\u00fcvendatud v\u00f5rkpalli\u00f5ppe ning treeningutega ka varasemates kooliastmetes.<\/p>\n<p>Hanno Pevkuri\u00a0s\u00f5nul toetab alaliit Iisaku G\u00fcmnaasiumit v\u00f5rkpalliklassi avamisel ning t\u00e4iendavate treeningutega alustamisel eelk\u00f5ige inventari soetamisega ja koolituste l\u00e4biviimisega. &#8220;Samuti abistame neid suhtluses Audentese Spordig\u00fcmnaasiumiga, toetamaks \u00fchetaolist treeningmetoodika kasutamist. Meie eesm\u00e4rk on laiendada v\u00f5rkpalli kandepinda Ida-Virumaal ja see on selles vallas oluline samm,&#8221; r\u00e4\u00e4kis Pevkur. &#8220;Iisaku G\u00fcmnaasiumi juures on spordiga tegelemiseks suurep\u00e4rased tingimused &#8211; lisaks spordirajatistele ka \u00f5pilaskodu. Loodan, et Ida-Virumaa noored kasutavad sellise v\u00f5imaluse \u00e4ra. V\u00f5rkpalliklass ei ole konkurent Audentesele, pigem on ta Audentesele kasvulavaks. Igal juhul suurep\u00e4rane idee Iisaku G\u00fcmnaasiumilt ja teeme omalt poolt k\u00f5ik, et sellele kaasa aidata.&#8221;<\/p>\n<p>Iisaku G\u00fcmnaasiumi direktor\u00a0K\u00fclli Guljavin\u00a0s\u00f5nas, et idee s\u00fcndis heade juhuste tulemusena. &#8220;Sport on meie koolis kogu aeg au sees olnud. Kui tekkis m\u00f5te luua siia korvpalliakadeemia, mis on pigem rohkem poistele suunatud, siis t\u00fcdrukud tahtsid ka midagi m\u00e4ngida. N\u00fc\u00fcd juba poolteist aastat ongi korvpallitreener Jaanus Liivak juhuse tahtel ka v\u00f5rkpallit\u00fcdrukuid treeninud. Huvi tema trennide vastu oli nii suur, et sealt see m\u00f5te idanema hakkas,&#8221; r\u00e4\u00e4kis Guljavin spordiklassi loomise m\u00f5ttest. &#8220;Ootame siia neid, kes on valmis 6-8 korda n\u00e4dalas treenima ja valmis ka iseseisvaks elus \u00f5pilaskodus.&#8221;<\/p>\n<p>Noori v\u00f5rkpallureid hakkab treenima\u00a0Jaanus Liivak. &#8220;Minu eesm\u00e4rk on, et lapsed treeniksid, vahet ei ole, mis alal. Alustasime v\u00f5rkpallis 10 t\u00fcdrukuga ja t\u00e4naseks on selline projekti v\u00e4lja kasvanud. Poiste spordiklassiga on meil Reinar Halliku korvpallikooliga kaks aastat kogemust olemas,&#8221; \u00fctles Liivak ja lisas, et viimase t\u00f5uke idee realiseerimiseks sai ta koroonakriisi ajal toimunud Rainer Vassiljevi koolituselt. &#8220;Vassiljev r\u00e4\u00e4kis seal oma Poola kogemusest, kuidas terve Poola sport on seda teed l\u00e4inud, et neil on akadeemiad. Olen v\u00e4ljakutseks valmis, aga loomulikult pean end v\u00f5rkpallialaselt veel palju koolitama,&#8221; lisas Liivak.<\/p>\n<p>T\u00e4na viis Iisaku G\u00fcmnaasiumis v\u00f5rkpalli n\u00e4idistreeningu l\u00e4bi endine Eesti rahvusnaiskonna peatreener, praegune Audentese Spordig\u00fcmnaasiumi treener Andrei Ojamets, teda abistas naiste koondise kapten Julija M\u00f5nnakm\u00e4e.<\/p>\n<p><em>volley.ee<\/em><\/p>\n","protected":false},"excerpt":{"rendered":"<p>Eesti V\u00f5rkpalli Liit alustas Ida-Virumaal v\u00f5rkpallihariduse arendamiseks koost\u00f6\u00f6d Iisaku G\u00fcmnaasiumiga, kus avatakse t\u00fcdrukute v\u00f5rkpalliklass. V\u00f5rkpalli Liidu president Hanno Pevkur ja Iisaku G\u00fcmnaasiumi direktor K\u00fclli Guljavin allkirjastasid t\u00e4na koost\u00f6\u00f6 m\u00e4rgiks \u00fchiste kavatsuste protokolli, mille kohaselt alustatakse Iisaku G\u00fcmnaasiumi 10. klassis 1. septembril 2020 t\u00fcdrukute s\u00fcvendatud v\u00f5rkpalli\u00f5pet. Lisaks eraldi t\u00fcdrukute v\u00f5rkpalliklassile alustatakse samal ajal v\u00f5rkpalli lisatreeningutega, mis [&hellip;]<\/p>\n","protected":false},"author":80,"featured_media":108830,"comment_status":"open","ping_status":"open","sticky":false,"template":"","format":"standard","meta":{"_seopress_robots_primary_cat":"none","_seopress_titles_title":"","_seopress_titles_desc":"","_seopress_robots_index":"","footnotes":""},"categories":[142,151],"tags":[],"class_list":{"0":"post-108828","1":"post","2":"type-post","3":"status-publish","4":"format-standard","5":"has-post-thumbnail","7":"category-uudised","8":"category-vorkpall"},"_links":{"self":[{"href":"https:\/\/www.sekundomer.ee\/et\/wp-json\/wp\/v2\/posts\/108828","targetHints":{"allow":["GET"]}}],"collection":[{"href":"https:\/\/www.sekundomer.ee\/et\/wp-json\/wp\/v2\/posts"}],"about":[{"href":"https:\/\/www.sekundomer.ee\/et\/wp-json\/wp\/v2\/types\/post"}],"author":[{"embeddable":true,"href":"https:\/\/www.sekundomer.ee\/et\/wp-json\/wp\/v2\/users\/80"}],"replies":[{"embeddable":true,"href":"https:\/\/www.sekundomer.ee\/et\/wp-json\/wp\/v2\/comments?post=108828"}],"version-history":[{"count":0,"href":"https:\/\/www.sekundomer.ee\/et\/wp-json\/wp\/v2\/posts\/108828\/revisions"}],"wp:featuredmedia":[{"embeddable":true,"href":"https:\/\/www.sekundomer.ee\/et\/wp-json\/wp\/v2\/media\/108830"}],"wp:attachment":[{"href":"https:\/\/www.sekundomer.ee\/et\/wp-json\/wp\/v2\/media?parent=108828"}],"wp:term":[{"taxonomy":"category","embeddable":true,"href":"https:\/\/www.sekundomer.ee\/et\/wp-json\/wp\/v2\/categories?post=108828"},{"taxonomy":"post_tag","embeddable":true,"href":"https:\/\/www.sekundomer.ee\/et\/wp-json\/wp\/v2\/tags?post=108828"}],"curies":[{"name":"wp","href":"https:\/\/api.w.org\/{rel}","templated":true}]}}