{"id":109371,"date":"2020-06-18T16:06:15","date_gmt":"2020-06-18T13:06:15","guid":{"rendered":"https:\/\/www.sekundomer.ee\/?p=109371"},"modified":"2020-06-18T16:06:15","modified_gmt":"2020-06-18T13:06:15","slug":"naiste-karikafinaali-joudsid-flora-ja-kalev","status":"publish","type":"post","link":"https:\/\/www.sekundomer.ee\/et\/uudised\/naiste-karikafinaali-joudsid-flora-ja-kalev\/","title":{"rendered":"Naiste karikafinaali j\u00f5udsid Flora ja Kalev"},"content":{"rendered":"<p>Eile peeti naiste karikav\u00f5istlustel poolfinaale ning sealt v\u00e4ljusid v\u00f5idukalt Tallinna FC Flora ja JK Tallinna Kalev.<\/p>\n<p>Kalev teenis koduv\u00e4ljakul revan\u0161i Saku Sportingu \u00fcle, kui laup\u00e4evases liigakohtumises vastastele 0:3 alla j\u00e4\u00e4nud Tallinna naiskond sai poolfinaalis kirja 2:1 v\u00f5idu. Evelyn \u0160ilina viis Kalevi juba viiendal minutil juhtima ning eduseis suurenes 70. minutil t\u00e4nu Emma Treibergi tabamusele. Ulrika T\u00fclp suutis 80. minutil Sportingu poolelt \u00fche v\u00e4rava tagasi l\u00fc\u00fca, kuid enamaks jaksu ei j\u00e4tkunud ja finaali edenes Kalev.<\/p>\n<p>Teises poolfinaalis alistas FC Flora oma duubelnaiskonna, Flora II tulemusega 11:0. K\u00fcbaratrikid said kirja Mari Liis Lillem\u00e4e, Getter Saar ja Katrin Loo. \u00dche tabamuse lisasid Maarja Saulep ja Saron L\u00e4\u00e4nm\u00e4e.<\/p>\n<p>Karikav\u00f5itja selgub 4. juulil A. Le Coq Arenal, kui klubijalgpalli pidup\u00e4eva raames peetakse nii naiste ja meeste karikav\u00f5istluste kui ka U19 Eliitliiga finaal.<\/p>\n<p><em>EJLi pressiteenistus<\/em><\/p>\n","protected":false},"excerpt":{"rendered":"<p>Eile peeti naiste karikav\u00f5istlustel poolfinaale ning sealt v\u00e4ljusid v\u00f5idukalt Tallinna FC Flora ja JK Tallinna Kalev. Kalev teenis koduv\u00e4ljakul revan\u0161i Saku Sportingu \u00fcle, kui laup\u00e4evases liigakohtumises vastastele 0:3 alla j\u00e4\u00e4nud Tallinna naiskond sai poolfinaalis kirja 2:1 v\u00f5idu. Evelyn \u0160ilina viis Kalevi juba viiendal minutil juhtima ning eduseis suurenes 70. minutil t\u00e4nu Emma Treibergi tabamusele. Ulrika [&hellip;]<\/p>\n","protected":false},"author":80,"featured_media":88341,"comment_status":"open","ping_status":"open","sticky":false,"template":"","format":"standard","meta":{"_seopress_robots_primary_cat":"none","_seopress_titles_title":"","_seopress_titles_desc":"","_seopress_robots_index":"","footnotes":""},"categories":[203,142],"tags":[],"class_list":{"0":"post-109371","1":"post","2":"type-post","3":"status-publish","4":"format-standard","5":"has-post-thumbnail","7":"category-jalgpall","8":"category-uudised"},"_links":{"self":[{"href":"https:\/\/www.sekundomer.ee\/et\/wp-json\/wp\/v2\/posts\/109371","targetHints":{"allow":["GET"]}}],"collection":[{"href":"https:\/\/www.sekundomer.ee\/et\/wp-json\/wp\/v2\/posts"}],"about":[{"href":"https:\/\/www.sekundomer.ee\/et\/wp-json\/wp\/v2\/types\/post"}],"author":[{"embeddable":true,"href":"https:\/\/www.sekundomer.ee\/et\/wp-json\/wp\/v2\/users\/80"}],"replies":[{"embeddable":true,"href":"https:\/\/www.sekundomer.ee\/et\/wp-json\/wp\/v2\/comments?post=109371"}],"version-history":[{"count":0,"href":"https:\/\/www.sekundomer.ee\/et\/wp-json\/wp\/v2\/posts\/109371\/revisions"}],"wp:featuredmedia":[{"embeddable":true,"href":"https:\/\/www.sekundomer.ee\/et\/wp-json\/wp\/v2\/media\/88341"}],"wp:attachment":[{"href":"https:\/\/www.sekundomer.ee\/et\/wp-json\/wp\/v2\/media?parent=109371"}],"wp:term":[{"taxonomy":"category","embeddable":true,"href":"https:\/\/www.sekundomer.ee\/et\/wp-json\/wp\/v2\/categories?post=109371"},{"taxonomy":"post_tag","embeddable":true,"href":"https:\/\/www.sekundomer.ee\/et\/wp-json\/wp\/v2\/tags?post=109371"}],"curies":[{"name":"wp","href":"https:\/\/api.w.org\/{rel}","templated":true}]}}