{"id":109396,"date":"2020-06-19T09:11:19","date_gmt":"2020-06-19T06:11:19","guid":{"rendered":"https:\/\/www.sekundomer.ee\/?p=109396"},"modified":"2020-06-19T09:11:19","modified_gmt":"2020-06-19T06:11:19","slug":"toomas-kandimaa-asub-tartu-ulikooli-korvpallimeeskonna-peatreeneriks","status":"publish","type":"post","link":"https:\/\/www.sekundomer.ee\/et\/uudised\/toomas-kandimaa-asub-tartu-ulikooli-korvpallimeeskonna-peatreeneriks\/","title":{"rendered":"Toomas Kandimaa asub Tartu \u00dclikooli korvpallimeeskonna peatreeneriks"},"content":{"rendered":"<h3><span style=\"color: #222222; font-family: Verdana, Geneva, sans-serif; font-size: 15px;\">Tartu \u00dclikooli korvpallimeeskond teatas, et uuel hooajal alustab peatreeneri ametis pikaaegne abitreener Toomas Kandimaa.\u00a0<\/span><\/h3>\n<div>\n<div class=\"news_content advancedImagesArea\">\n<div>V\u00e4rske peatreener Toomas Kandimaa n\u00e4eb seda v\u00f5imalusena karj\u00e4\u00e4ris samm edasi astuda. \u201eOlen spordiklubile igati t\u00e4nulik v\u00f5imaluse eest erinevates meeskondades abitreenerina t\u00f6\u00f6tada. Tunnen, et n\u00fc\u00fcd on \u00f5ige aeg astuda samm edasi ja peatreeneri vastutus v\u00f5tta. Seoses pandeemiaga on olukord spordimaastikul k\u00fcll keeruline, aga ega korvpall ju kuskile \u00e4ra ei kao. Kui olud lubavad, pannakse s\u00fcgisel pall taas m\u00e4ngu ja tahame selleks k\u00f5ige paremini valmis olla,\u201c s\u00f5nas Kandimaa.<\/div>\n<div><\/div>\n<div>Spordiklubi ootab uuelt peatreenerilt \u00f5pitu praktikasse rakendamist \u201eMul on v\u00e4ga hea meel, et Toomas Kandimaa v\u00f5ttis vastu peatreeneri koha. Toomas on pikalt abitreeneri rollis olnud ning on nende aastate jooksul kindlasti palju teadmisi ja kogemusi saanud eelnevatelt peatreeneritelt. Ootan v\u00e4ga, et ta saaks oma treenerifilosoofiat rakendada noore Tartu \u00dclikooli korvpalli meeskonna peal,\u201c \u00fctles Tartu \u00dclikooli Akadeemilise spordiklubi juhatuse esimees Gert Prants.<\/div>\n<div><\/div>\n<div>Toomas Kandimaa on kuulunud oma m\u00e4ngijakarj\u00e4\u00e4ri jooksul peamiselt Tartu esindusv\u00f5istkondadesse, aga ka Baltika, Nybiti ja Valga v\u00f5istkonda. Ta on olnud Eesti noorte- ja juunioride ning 1993\u20132002 t\u00e4iskasvanute koondise liige \u2013 1993. aasta Euroopa meistriv\u00f5istlustelt sai ta 6. ja 2001. aasta EMilt 14. koha.<\/div>\n<div><\/div>\n<div>Alates 2007. aastast on Toomas Kandimaa olnud Tartu \u00dclikooli Akadeemilise spordiklubi noortetreener ning alates 2009. aastast Tartu esindusv\u00f5istkonna abitreener ning v\u00f5itnud selles ametis kahel korral Eesti meistritiitli ja viiel korral Eesti karikav\u00f5istlused.<\/div>\n<div><\/div>\n<div>Alates 2005. aastast on Toomas Kandimaa ka Tartu \u00dclikooli sportm\u00e4ngude \u00f5petaja ja j\u00e4tkab selles ametis ka peatreenerina.<\/div>\n<div><\/div>\n<div>Toomas Kandimaal on korvpallitreenerina EKR 7. kutsetase, mille ta saavutas aastal 2019.<\/div>\n<div><\/div>\n<div>Meeskonna senise peatreeneri Priit Vene leping l\u00f5ppes koroonaviiruse t\u00f5ttu pooleli j\u00e4\u00e4nud hooajaga. Tartu \u00dclikooli Akadeemiline spordiklubi t\u00e4nab Priit Venet nende kolme hooaja eest, mis kogenud treener Tartu meeskonna eesotsas oli.<\/div>\n<\/div>\n<\/div>\n","protected":false},"excerpt":{"rendered":"<p>Tartu \u00dclikooli korvpallimeeskond teatas, et uuel hooajal alustab peatreeneri ametis pikaaegne abitreener Toomas Kandimaa.\u00a0 V\u00e4rske peatreener Toomas Kandimaa n\u00e4eb seda v\u00f5imalusena karj\u00e4\u00e4ris samm edasi astuda. \u201eOlen spordiklubile igati t\u00e4nulik v\u00f5imaluse eest erinevates meeskondades abitreenerina t\u00f6\u00f6tada. Tunnen, et n\u00fc\u00fcd on \u00f5ige aeg astuda samm edasi ja peatreeneri vastutus v\u00f5tta. Seoses pandeemiaga on olukord spordimaastikul k\u00fcll keeruline, [&hellip;]<\/p>\n","protected":false},"author":80,"featured_media":109398,"comment_status":"open","ping_status":"open","sticky":false,"template":"","format":"standard","meta":{"_seopress_robots_primary_cat":"none","_seopress_titles_title":"","_seopress_titles_desc":"","_seopress_robots_index":"","footnotes":""},"categories":[150,142],"tags":[],"class_list":{"0":"post-109396","1":"post","2":"type-post","3":"status-publish","4":"format-standard","5":"has-post-thumbnail","7":"category-korvpall","8":"category-uudised"},"_links":{"self":[{"href":"https:\/\/www.sekundomer.ee\/et\/wp-json\/wp\/v2\/posts\/109396","targetHints":{"allow":["GET"]}}],"collection":[{"href":"https:\/\/www.sekundomer.ee\/et\/wp-json\/wp\/v2\/posts"}],"about":[{"href":"https:\/\/www.sekundomer.ee\/et\/wp-json\/wp\/v2\/types\/post"}],"author":[{"embeddable":true,"href":"https:\/\/www.sekundomer.ee\/et\/wp-json\/wp\/v2\/users\/80"}],"replies":[{"embeddable":true,"href":"https:\/\/www.sekundomer.ee\/et\/wp-json\/wp\/v2\/comments?post=109396"}],"version-history":[{"count":0,"href":"https:\/\/www.sekundomer.ee\/et\/wp-json\/wp\/v2\/posts\/109396\/revisions"}],"wp:featuredmedia":[{"embeddable":true,"href":"https:\/\/www.sekundomer.ee\/et\/wp-json\/wp\/v2\/media\/109398"}],"wp:attachment":[{"href":"https:\/\/www.sekundomer.ee\/et\/wp-json\/wp\/v2\/media?parent=109396"}],"wp:term":[{"taxonomy":"category","embeddable":true,"href":"https:\/\/www.sekundomer.ee\/et\/wp-json\/wp\/v2\/categories?post=109396"},{"taxonomy":"post_tag","embeddable":true,"href":"https:\/\/www.sekundomer.ee\/et\/wp-json\/wp\/v2\/tags?post=109396"}],"curies":[{"name":"wp","href":"https:\/\/api.w.org\/{rel}","templated":true}]}}