{"id":110723,"date":"2020-07-14T15:58:41","date_gmt":"2020-07-14T12:58:41","guid":{"rendered":"https:\/\/www.sekundomer.ee\/?p=110723"},"modified":"2020-07-14T15:59:35","modified_gmt":"2020-07-14T12:59:35","slug":"eesti-jalgpalli-liit-ejl-algatas-distsiplinaarmenetluse-sergei-lepmetsa-suhtes","status":"publish","type":"post","link":"https:\/\/www.sekundomer.ee\/et\/uudised\/eesti-jalgpalli-liit-ejl-algatas-distsiplinaarmenetluse-sergei-lepmetsa-suhtes\/","title":{"rendered":"Eesti Jalgpalli Liit (EJL) algatas distsiplinaarmenetluse Sergei Lepmetsa suhtes"},"content":{"rendered":"<p>Sergei Lepmets (pildil) teatas maikuus, et l\u00f5petab elukutselise m\u00e4ngija karj\u00e4\u00e4ri, mis v\u00f5imaldas tal vastavalt m\u00e4ngijate staatust reguleerivale korrale l\u00f5petada m\u00f5juva p\u00f5hjuse t\u00f5ttu leping FCI Levadiaga. Seejuures kinnitas Lepmets oma kavatsust karj\u00e4\u00e4r l\u00f5petada ja mitte m\u00e4ngida Premium liigas spetsiaalselt korraldatud kohtumisel EJLi esindajatega.<\/p>\n<p>8. juulil teatas Lepmets ajakirjanduse vahendusel, et andis lepingu l\u00f5petamisel teadlikult valeinfot ning soovib karj\u00e4\u00e4ri j\u00e4tkata N\u00f5mme Kaljus. Jalgpalliliit alustas seoses teadliku valeinfo andmisega distsiplinaarmenetlust.<\/p>\n<p>M\u00e4ngijate \u00fcleminekute korrast l\u00e4htub sellisel juhul, et lepingu l\u00f5petamine kvalifitseeritakse \u00fcmber \u00fchepoolse m\u00f5juva p\u00f5hjuseta lepingu l\u00f5petamiseks, mis t\u00e4hendab, et m\u00e4ngija saab uude klubisse liikuda tavamoel ehk kokkuleppel eelmise t\u00f6\u00f6andjaga.<\/p>\n<p><em>EJLi pressiteenistus<\/em><\/p>\n","protected":false},"excerpt":{"rendered":"<p>Sergei Lepmets (pildil) teatas maikuus, et l\u00f5petab elukutselise m\u00e4ngija karj\u00e4\u00e4ri, mis v\u00f5imaldas tal vastavalt m\u00e4ngijate staatust reguleerivale korrale l\u00f5petada m\u00f5juva p\u00f5hjuse t\u00f5ttu leping FCI Levadiaga. Seejuures kinnitas Lepmets oma kavatsust karj\u00e4\u00e4r l\u00f5petada ja mitte m\u00e4ngida Premium liigas spetsiaalselt korraldatud kohtumisel EJLi esindajatega. 8. juulil teatas Lepmets ajakirjanduse vahendusel, et andis lepingu l\u00f5petamisel teadlikult valeinfot ning [&hellip;]<\/p>\n","protected":false},"author":80,"featured_media":110725,"comment_status":"open","ping_status":"open","sticky":false,"template":"","format":"standard","meta":{"_seopress_robots_primary_cat":"none","_seopress_titles_title":"","_seopress_titles_desc":"","_seopress_robots_index":"","footnotes":""},"categories":[203,142],"tags":[],"class_list":{"0":"post-110723","1":"post","2":"type-post","3":"status-publish","4":"format-standard","5":"has-post-thumbnail","7":"category-jalgpall","8":"category-uudised"},"_links":{"self":[{"href":"https:\/\/www.sekundomer.ee\/et\/wp-json\/wp\/v2\/posts\/110723","targetHints":{"allow":["GET"]}}],"collection":[{"href":"https:\/\/www.sekundomer.ee\/et\/wp-json\/wp\/v2\/posts"}],"about":[{"href":"https:\/\/www.sekundomer.ee\/et\/wp-json\/wp\/v2\/types\/post"}],"author":[{"embeddable":true,"href":"https:\/\/www.sekundomer.ee\/et\/wp-json\/wp\/v2\/users\/80"}],"replies":[{"embeddable":true,"href":"https:\/\/www.sekundomer.ee\/et\/wp-json\/wp\/v2\/comments?post=110723"}],"version-history":[{"count":0,"href":"https:\/\/www.sekundomer.ee\/et\/wp-json\/wp\/v2\/posts\/110723\/revisions"}],"wp:featuredmedia":[{"embeddable":true,"href":"https:\/\/www.sekundomer.ee\/et\/wp-json\/wp\/v2\/media\/110725"}],"wp:attachment":[{"href":"https:\/\/www.sekundomer.ee\/et\/wp-json\/wp\/v2\/media?parent=110723"}],"wp:term":[{"taxonomy":"category","embeddable":true,"href":"https:\/\/www.sekundomer.ee\/et\/wp-json\/wp\/v2\/categories?post=110723"},{"taxonomy":"post_tag","embeddable":true,"href":"https:\/\/www.sekundomer.ee\/et\/wp-json\/wp\/v2\/tags?post=110723"}],"curies":[{"name":"wp","href":"https:\/\/api.w.org\/{rel}","templated":true}]}}