{"id":111148,"date":"2020-07-23T17:57:11","date_gmt":"2020-07-23T14:57:11","guid":{"rendered":"https:\/\/www.sekundomer.ee\/?p=111148"},"modified":"2020-07-23T17:57:11","modified_gmt":"2020-07-23T14:57:11","slug":"29-30-juulil-toimub-teatavasti-tondi-tennisekeskuses-eesti-ja-lati-tipptennisistide-osalusel-merko-cup-tennis","status":"publish","type":"post","link":"https:\/\/www.sekundomer.ee\/et\/uudised\/29-30-juulil-toimub-teatavasti-tondi-tennisekeskuses-eesti-ja-lati-tipptennisistide-osalusel-merko-cup-tennis\/","title":{"rendered":"29.-30. juulil toimub teatavasti Tondi Tennisekeskuses Eesti ja L\u00e4ti tipptennisistide osalusel Merko Cup Tennis"},"content":{"rendered":"<p>K\u00e4esolevaga avaldame Merko Cup Tennis t\u00e4pse ajakava kahel p\u00e4eval. Kindlalt on paigas hommikuse ja \u00f5htuse sessiooni algus. Peale sessiooni esimest m\u00e4ngu algavad j\u00e4rgmised m\u00e4ngud vastavalt sellele, kui pikalt kestavad eelnevad.<\/p>\n<p><strong>29. juuli m\u00e4ngudekava<\/strong><\/p>\n<p>KELL 11:00\u00a0Vladimir Ivanov \u2013 Karlis Ozolins<br \/>\nJ\u00e4rgneb\u00a0Anett Kontaveit \u2013 Anastasija Sevastova<br \/>\nJ\u00e4rgneb\u00a0meeste paarism\u00e4ng<br \/>\nPaus<br \/>\nKELL 18:00 Avatseremoonia<\/p>\n<p>Avatseremoonia j\u00e4rel tulevad platsile\u00a0Kaia Kanepi \u2013 Jelena Ostapenko<br \/>\nJ\u00e4rgneb\u00a0J\u00fcrgen Zopp \u2013 Ernests Gulbis<\/p>\n<p><strong>30. juuli m\u00e4ngudekava<\/strong><\/p>\n<p>KELL 11:00\u00a0Kaia Kanepi \u2013 Anastasija Sevastova<br \/>\nJ\u00e4rgneb\u00a0J\u00fcrgen Zopp \u2013 Karlis Ozolins<br \/>\nJ\u00e4rgneb\u00a0naiste paarism\u00e4ng<br \/>\nPaus<br \/>\nKELL 18:00\u00a0Vladimir Ivanov \u2013 Ernests Gulbis<br \/>\nJ\u00e4rgneb\u00a0Anett Kontaveit \u2013 Jelena Ostapenko<br \/>\nAutasustamine<\/p>\n<p><em>tennis.ee<\/em><\/p>\n","protected":false},"excerpt":{"rendered":"<p>K\u00e4esolevaga avaldame Merko Cup Tennis t\u00e4pse ajakava kahel p\u00e4eval. Kindlalt on paigas hommikuse ja \u00f5htuse sessiooni algus. Peale sessiooni esimest m\u00e4ngu algavad j\u00e4rgmised m\u00e4ngud vastavalt sellele, kui pikalt kestavad eelnevad. 29. juuli m\u00e4ngudekava KELL 11:00\u00a0Vladimir Ivanov \u2013 Karlis Ozolins J\u00e4rgneb\u00a0Anett Kontaveit \u2013 Anastasija Sevastova J\u00e4rgneb\u00a0meeste paarism\u00e4ng Paus KELL 18:00 Avatseremoonia Avatseremoonia j\u00e4rel tulevad platsile\u00a0Kaia Kanepi [&hellip;]<\/p>\n","protected":false},"author":80,"featured_media":111150,"comment_status":"open","ping_status":"open","sticky":false,"template":"","format":"standard","meta":{"_seopress_robots_primary_cat":"none","_seopress_titles_title":"","_seopress_titles_desc":"","_seopress_robots_index":"","footnotes":""},"categories":[142,180],"tags":[],"class_list":{"0":"post-111148","1":"post","2":"type-post","3":"status-publish","4":"format-standard","5":"has-post-thumbnail","7":"category-uudised","8":"category-tennis"},"_links":{"self":[{"href":"https:\/\/www.sekundomer.ee\/et\/wp-json\/wp\/v2\/posts\/111148","targetHints":{"allow":["GET"]}}],"collection":[{"href":"https:\/\/www.sekundomer.ee\/et\/wp-json\/wp\/v2\/posts"}],"about":[{"href":"https:\/\/www.sekundomer.ee\/et\/wp-json\/wp\/v2\/types\/post"}],"author":[{"embeddable":true,"href":"https:\/\/www.sekundomer.ee\/et\/wp-json\/wp\/v2\/users\/80"}],"replies":[{"embeddable":true,"href":"https:\/\/www.sekundomer.ee\/et\/wp-json\/wp\/v2\/comments?post=111148"}],"version-history":[{"count":0,"href":"https:\/\/www.sekundomer.ee\/et\/wp-json\/wp\/v2\/posts\/111148\/revisions"}],"wp:featuredmedia":[{"embeddable":true,"href":"https:\/\/www.sekundomer.ee\/et\/wp-json\/wp\/v2\/media\/111150"}],"wp:attachment":[{"href":"https:\/\/www.sekundomer.ee\/et\/wp-json\/wp\/v2\/media?parent=111148"}],"wp:term":[{"taxonomy":"category","embeddable":true,"href":"https:\/\/www.sekundomer.ee\/et\/wp-json\/wp\/v2\/categories?post=111148"},{"taxonomy":"post_tag","embeddable":true,"href":"https:\/\/www.sekundomer.ee\/et\/wp-json\/wp\/v2\/tags?post=111148"}],"curies":[{"name":"wp","href":"https:\/\/api.w.org\/{rel}","templated":true}]}}