{"id":112798,"date":"2020-08-24T15:59:05","date_gmt":"2020-08-24T12:59:05","guid":{"rendered":"https:\/\/www.sekundomer.ee\/?p=112798"},"modified":"2020-08-24T15:59:05","modified_gmt":"2020-08-24T12:59:05","slug":"mullusel-rally-estonial-publikut-hullutanud-rainer-aus-teeb-parast-aastast-voistluspausi-mm-debuudi","status":"publish","type":"post","link":"https:\/\/www.sekundomer.ee\/et\/uudised\/mullusel-rally-estonial-publikut-hullutanud-rainer-aus-teeb-parast-aastast-voistluspausi-mm-debuudi\/","title":{"rendered":"Mullusel Rally Estonial publikut hullutanud Rainer Aus teeb p\u00e4rast aastast v\u00f5istluspausi MM-deb\u00fc\u00fcdi!"},"content":{"rendered":"<p>Mullusel Rally Estonial suurep\u00e4rase etteaste teinud Rainer Aus ja Simo Koskinen tulevad p\u00e4rast aastast v\u00f5istluspausi starti ka t\u00e4navu. V\u00e4he sellest: mitmekordne Eesti meister Aus teeb \u00fchtlasi MM-sarja deb\u00fc\u00fcdi.<\/p>\n<p>Eelmise aasta Rally Estonial kerkisid Rainer Aus ja tema kaardilugeja Simo Koskinen t\u00e4helepanu keskmesse \u2013 WRC2 klassis saadi Oliver Solbergi j\u00e4rel teine koht ning eestlaste sisekonkurentsis j\u00e4\u00e4di alla vaid maailmanimedele Ott T\u00e4nakule ja Markko M\u00e4rtinile.<\/p>\n<p>N\u00fc\u00fcd tehakse enam kui aastase pausi j\u00e4rel endise WRC-s\u00f5itja Toni Gardemeisteri tiimi ja \u0160koda Fabia R5 mudeliga taastutvus. Et vahepeal sai Rally Estoniast meeldiva \u00fcllatusena MM-etapp, ei soovinud Aus v\u00f5imalust nii k\u00f5rgel tasemel v\u00f5imeid proovida k\u00e4est lasta. L\u00f5plikult sai selgeks, et MM-deb\u00fc\u00fct v\u00f5ib 4.-6. septembril L\u00f5una-Eesti teedel toimuda, \u00fcsna viimasel hetkel.<\/p>\n<p>\u201eAuto leidmine polnudki niiv\u00f5rd keeruline. Laual oli mitmeid huvitavaid valikuid. Liisk langes Gardemeisteri meeskonna kasuks, sest nad tundsid ise huvi ja mullusest on meeldiv kogemus olemas,\u201c selgitas Aus. \u201eEnt eelarve kokkusaamiseks oli aega v\u00e4he. Mitmelt varasemalt toetajalt tuli raske perioodi t\u00f5ttu vastuseks raske s\u00fcdamega \u201eei\u201c. Seda enam olen r\u00f5\u00f5mus ja t\u00e4nulik, et leidus abilisi, kes aitavad mu suure unistuse teoks teha. S\u00f5ita kodusel MM-etapil on kindlasti midagi t\u00e4iesti erilist.\u201c<\/p>\n<p>Paljukordne Eesti meister lisas: \u201ePaus venis erinevatel p\u00f5hjustel k\u00fcll pikaks \u2013 ja oleks ilma koduse MM-rallita veninud ilmselt veel pikemaks -, kuid karj\u00e4\u00e4ri l\u00f5petamisele ei ole ma k\u00fcll veel m\u00f5elnud. Lihtsalt kodus samadel radadel s\u00f5itmine ei motiveerinud mind enam piisavalt ja piiri taha j\u00f5udmiseks on vaja suurt eelarvet.\u201c<\/p>\n<p>Ehkki Aus ei ole vahepeal ainsalgi rallil osalenud, on ta kokkupuude autode ja kiirustega olnud pidev. Igap\u00e4evaametis Porschesid m\u00fc\u00fcval mehel on aidanud k\u00e4tt soojas hoida ringrajal instruktorina tegutsemine.<\/p>\n<p>\u201eKlientide ja huviliste juhendamine on osa mu t\u00f6\u00f6st. Muidugi ei saa sportautoga lagedal ja v\u00e4heste kurvidega p\u00f5llul s\u00f5itmist v\u00f5rrelda MM-rallil v\u00f5istlemisega. Kuid auto, rooli, kiiruse ja t\u00e4psusetunnetust olen saanud niiviisi hoida. Selge see, et iga rooste tahab maha raputamist. Aga eelmisel aastal olin sarnases seisus. Testip\u00e4evad aitavad ka kruusateedega taas piisavalt harjuda,\u201c ootab Aus elu tugevaimat rallit p\u00f5nevusega.<\/p>\n<p>Ta nimetab kokku pandud trassi n\u00f5udlikuks, kuid p\u00f5nevaks. \u201eLaup\u00e4ev tuleb eriti pikk ja raske. Vaevalt mu karj\u00e4\u00e4ris varem sellist on olnud. Aga \u00fchel MM-rallil kuidagi teisiti ei saagi! F\u00fc\u00fcsiline vorm peab korralik olema, et mitte v\u00e4simusest eksida. Tegelen sellega,\u201c m\u00e4rkis Aus ja tutvustas sportlikke eesm\u00e4rke: \u201eTase on mullusest k\u00f5vem, aga l\u00e4hen sarnase sihiga nagu siis \u2013 esikolmik oma klassis oleks v\u00e4ga hea, esikuuik korralik tulemus.\u201c<\/p>\n<p>V\u00f5ib liialdamata v\u00e4ita: Ausi september tuleb t\u00e4iesti eriline. Kui elu esimene MM-ralli toimub selle esimesel n\u00e4dalavahetusel, siis sama kuu l\u00f5pus on ta perre oodata esiklapse s\u00fcndi. \u201eMuidugi olen \u00e4\u00e4rmiselt p\u00f5nevil, kui nii meeldivad s\u00fcndmused peaaegu samal ajal toimuvad. Ei j\u00f5ua neid juba \u00e4ra oodata!\u201c s\u00f5nas ta.<\/p>\n<p>Toetaja usk: esimene MM-ralli avab Eestile suure ukse<\/p>\n<p>Ausi MM-deb\u00fc\u00fct saab v\u00f5imalikuks t\u00e4nu mitmetele headele toetajatele eesotsas \u0160koda maaletooja Auto 100-ga.<\/p>\n<p>\u201eMeil on v\u00e4ga hea meel, et eelmisel aastal alustatud koost\u00f6\u00f6 Rainer Ausi ja Auto 100 vahel j\u00e4tkub ka t\u00e4navusel esmaklassilisel Rally Estonia WRC \u00fcritusel. Rainer n\u00e4itas viimati toimunud Shell Helix Rally Estonia v\u00f5istlusel WRC2 klassis suurep\u00e4rast tulemust, saavutades meie r\u00f5\u00f5muks teise koha. Sellel aastal on v\u00f5istlus muljetavaldavalt esinduslik ning loodame, et tekkinud v\u00f5imalus korradada WRC etapp Eestis toob maailmaklassi s\u00f5itjaid siia ka edaspidi. Soovime Rainer Ausile ja Simo Koskinenile edu!\u201c kommenteeris Auto 100 juhatuse liige Janek Aavik.<\/p>\n<p><em>PRESSITEADE<\/em><br \/>\nFoto: autor Henri Siht<\/p>\n","protected":false},"excerpt":{"rendered":"<p>Mullusel Rally Estonial suurep\u00e4rase etteaste teinud Rainer Aus ja Simo Koskinen tulevad p\u00e4rast aastast v\u00f5istluspausi starti ka t\u00e4navu. V\u00e4he sellest: mitmekordne Eesti meister Aus teeb \u00fchtlasi MM-sarja deb\u00fc\u00fcdi. Eelmise aasta Rally Estonial kerkisid Rainer Aus ja tema kaardilugeja Simo Koskinen t\u00e4helepanu keskmesse \u2013 WRC2 klassis saadi Oliver Solbergi j\u00e4rel teine koht ning eestlaste sisekonkurentsis j\u00e4\u00e4di [&hellip;]<\/p>\n","protected":false},"author":80,"featured_media":112801,"comment_status":"open","ping_status":"open","sticky":false,"template":"","format":"standard","meta":{"_seopress_robots_primary_cat":"none","_seopress_titles_title":"","_seopress_titles_desc":"","_seopress_robots_index":"","footnotes":""},"categories":[142,154],"tags":[],"class_list":{"0":"post-112798","1":"post","2":"type-post","3":"status-publish","4":"format-standard","5":"has-post-thumbnail","7":"category-uudised","8":"category-autosport"},"_links":{"self":[{"href":"https:\/\/www.sekundomer.ee\/et\/wp-json\/wp\/v2\/posts\/112798","targetHints":{"allow":["GET"]}}],"collection":[{"href":"https:\/\/www.sekundomer.ee\/et\/wp-json\/wp\/v2\/posts"}],"about":[{"href":"https:\/\/www.sekundomer.ee\/et\/wp-json\/wp\/v2\/types\/post"}],"author":[{"embeddable":true,"href":"https:\/\/www.sekundomer.ee\/et\/wp-json\/wp\/v2\/users\/80"}],"replies":[{"embeddable":true,"href":"https:\/\/www.sekundomer.ee\/et\/wp-json\/wp\/v2\/comments?post=112798"}],"version-history":[{"count":0,"href":"https:\/\/www.sekundomer.ee\/et\/wp-json\/wp\/v2\/posts\/112798\/revisions"}],"wp:featuredmedia":[{"embeddable":true,"href":"https:\/\/www.sekundomer.ee\/et\/wp-json\/wp\/v2\/media\/112801"}],"wp:attachment":[{"href":"https:\/\/www.sekundomer.ee\/et\/wp-json\/wp\/v2\/media?parent=112798"}],"wp:term":[{"taxonomy":"category","embeddable":true,"href":"https:\/\/www.sekundomer.ee\/et\/wp-json\/wp\/v2\/categories?post=112798"},{"taxonomy":"post_tag","embeddable":true,"href":"https:\/\/www.sekundomer.ee\/et\/wp-json\/wp\/v2\/tags?post=112798"}],"curies":[{"name":"wp","href":"https:\/\/api.w.org\/{rel}","templated":true}]}}