{"id":112958,"date":"2020-08-27T16:26:38","date_gmt":"2020-08-27T13:26:38","guid":{"rendered":"https:\/\/www.sekundomer.ee\/?p=112958"},"modified":"2020-08-27T16:26:38","modified_gmt":"2020-08-27T13:26:38","slug":"nomme-kalju-fc-ns-mura-uefa-euroopa-liiga-mangu-tana-ei-toimu","status":"publish","type":"post","link":"https:\/\/www.sekundomer.ee\/et\/uudised\/nomme-kalju-fc-ns-mura-uefa-euroopa-liiga-mangu-tana-ei-toimu\/","title":{"rendered":"N\u00f5mme Kalju FC \u2013 N\u0160 Mura UEFA Euroopa liiga m\u00e4ngu t\u00e4na ei toimu"},"content":{"rendered":"<div class=\"intro\">\n<p>UEFA Euroopa liiga I eelringi m\u00e4ngu N\u00f5mme Kalju FC \u2013 N\u0160 Mura (Sloveenia) t\u00e4na, 27. augustil ei toimu. Kohtumine pidi algama kell 17:30 Kadrioru staadionil publikuta ja rangete koroonaviiruse levikut t\u00f5kestavate meetmetega.<\/p>\n<p>M\u00e4ngu ei toimu, sest terviseameti hinnangul on m\u00f5lemas v\u00f5istkonnas positiivse koroonaviiruse proovi andnud inimese l\u00e4hikontaktsed, kes peavad viibima isolatsioonis 14 p\u00e4eva. K\u00f5igi l\u00e4hikontaktsete koroonaviiruse proovid on olnud negatiivsed.<\/p>\n<\/div>\n<p>Terviseameti hinnang p\u00f5hineb faktil, et \u00fcks laup\u00e4eval, 22. augustil N\u00f5mme Kalju FC eest Premium liiga m\u00e4ngus osalenud jalgpallur andis positiivse koroonaviiruse proovi nii p\u00fchap\u00e4eval, 23. augustil kui ka teisip\u00e4eval, 25. augustil, sama m\u00e4ngija poolt esmasp\u00e4eval, 24. augustil antud koroonaviiruse proov oli negatiivne; samuti asjaolul, et \u00fcks N\u0160 Mura eest laup\u00e4eval, 22. augustil Sloveenia liiga m\u00e4ngus osalenud jalgpallur andis positiivse koroonaproovi esmasp\u00e4eval, 24. augustil.<\/p>\n<p>Mis saab t\u00e4na toimumata j\u00e4\u00e4vast m\u00e4ngust edasi, otsustab UEFA.<\/p>\n<p><em>EJL<\/em><\/p>\n","protected":false},"excerpt":{"rendered":"<p>UEFA Euroopa liiga I eelringi m\u00e4ngu N\u00f5mme Kalju FC \u2013 N\u0160 Mura (Sloveenia) t\u00e4na, 27. augustil ei toimu. Kohtumine pidi algama kell 17:30 Kadrioru staadionil publikuta ja rangete koroonaviiruse levikut t\u00f5kestavate meetmetega. M\u00e4ngu ei toimu, sest terviseameti hinnangul on m\u00f5lemas v\u00f5istkonnas positiivse koroonaviiruse proovi andnud inimese l\u00e4hikontaktsed, kes peavad viibima isolatsioonis 14 p\u00e4eva. K\u00f5igi l\u00e4hikontaktsete [&hellip;]<\/p>\n","protected":false},"author":80,"featured_media":112961,"comment_status":"open","ping_status":"open","sticky":false,"template":"","format":"standard","meta":{"_seopress_robots_primary_cat":"none","_seopress_titles_title":"","_seopress_titles_desc":"","_seopress_robots_index":"","footnotes":""},"categories":[203,142],"tags":[],"class_list":{"0":"post-112958","1":"post","2":"type-post","3":"status-publish","4":"format-standard","5":"has-post-thumbnail","7":"category-jalgpall","8":"category-uudised"},"_links":{"self":[{"href":"https:\/\/www.sekundomer.ee\/et\/wp-json\/wp\/v2\/posts\/112958","targetHints":{"allow":["GET"]}}],"collection":[{"href":"https:\/\/www.sekundomer.ee\/et\/wp-json\/wp\/v2\/posts"}],"about":[{"href":"https:\/\/www.sekundomer.ee\/et\/wp-json\/wp\/v2\/types\/post"}],"author":[{"embeddable":true,"href":"https:\/\/www.sekundomer.ee\/et\/wp-json\/wp\/v2\/users\/80"}],"replies":[{"embeddable":true,"href":"https:\/\/www.sekundomer.ee\/et\/wp-json\/wp\/v2\/comments?post=112958"}],"version-history":[{"count":0,"href":"https:\/\/www.sekundomer.ee\/et\/wp-json\/wp\/v2\/posts\/112958\/revisions"}],"wp:featuredmedia":[{"embeddable":true,"href":"https:\/\/www.sekundomer.ee\/et\/wp-json\/wp\/v2\/media\/112961"}],"wp:attachment":[{"href":"https:\/\/www.sekundomer.ee\/et\/wp-json\/wp\/v2\/media?parent=112958"}],"wp:term":[{"taxonomy":"category","embeddable":true,"href":"https:\/\/www.sekundomer.ee\/et\/wp-json\/wp\/v2\/categories?post=112958"},{"taxonomy":"post_tag","embeddable":true,"href":"https:\/\/www.sekundomer.ee\/et\/wp-json\/wp\/v2\/tags?post=112958"}],"curies":[{"name":"wp","href":"https:\/\/api.w.org\/{rel}","templated":true}]}}