{"id":113470,"date":"2020-09-01T18:26:52","date_gmt":"2020-09-01T15:26:52","guid":{"rendered":"https:\/\/www.sekundomer.ee\/?p=113470"},"modified":"2020-09-01T18:26:52","modified_gmt":"2020-09-01T15:26:52","slug":"ejl-soovib-minimaliseerida-nakkuse-edasist-levikut-kalju-meeskonna-sees-ja-valtida-selle-kandumist-meeskonnast-valja","status":"publish","type":"post","link":"https:\/\/www.sekundomer.ee\/et\/uudised\/ejl-soovib-minimaliseerida-nakkuse-edasist-levikut-kalju-meeskonna-sees-ja-valtida-selle-kandumist-meeskonnast-valja\/","title":{"rendered":"EJL soovib minimaliseerida nakkuse edasist levikut Kalju meeskonna sees ja v\u00e4ltida selle kandumist meeskonnast v\u00e4lja"},"content":{"rendered":"<p>Eesti Jalgpalli Liit (EJL) tellis eile, 31. augustil kogu N\u00f5mme Kalju meeskonnale koroonaviiruse testid, millest seitse osutusid positiivseks.<\/p>\n<p>Seoses tekkinud olukorraga saatis EJLi peadirektor T\u00f5nu Sirel t\u00e4na N\u00f5mme Kaljule kirja, milles selgitab, et EJL soovib minimaliseerida nakkuse edasist levikut Kalju meeskonna sees ja v\u00e4ltida selle kandumist meeskonnast v\u00e4lja.<\/p>\n<p>&#8220;N\u00f5uame viivitamatult k\u00f5ikide alates 20. augustist 2020 v\u00f5istkonnaga kontaktis olnud m\u00e4ngijate, treenerite, abipersonali ja klubi t\u00f6\u00f6tajate personaalset isoleerimist,&#8221; seisab Sirel kirjas. &#8220;Personaalne isoleerimine t\u00e4hendab, et isikud paigutatakse elamispindadele, kus nende v\u00f5imalik kokkupuude teiste isikutega on v\u00e4listatud. Isikute varustamisel toiduainete ja muu vajalikuga l\u00e4htuda terviseameti juhenditest. Mistahes meeskondlikud ja muud treeningud (v\u00e4lja arvatud negatiivse koroonatesti andnud m\u00e4ngijate individuaalsed treeningud) ja m\u00e4ngud on isolatsiooni ajal keelatud.&#8221;<\/p>\n<p>Lisaks palub EJL N\u00f5mme Kaljult infot, kas esindusmeeskonnaga seotud isikud on alates 20. augustist veel kellegagi kokku puutunud.<\/p>\n<p>&#8220;Palume klubil tungivalt teha t\u00e4ielikku ja igak\u00fclgset koost\u00f6\u00f6d terviseameti esindajatega,&#8221; r\u00f5hutab EJLi peadirektor.<\/p>\n<p><em>EJLi pressiteenistus<\/em><\/p>\n","protected":false},"excerpt":{"rendered":"<p>Eesti Jalgpalli Liit (EJL) tellis eile, 31. augustil kogu N\u00f5mme Kalju meeskonnale koroonaviiruse testid, millest seitse osutusid positiivseks. Seoses tekkinud olukorraga saatis EJLi peadirektor T\u00f5nu Sirel t\u00e4na N\u00f5mme Kaljule kirja, milles selgitab, et EJL soovib minimaliseerida nakkuse edasist levikut Kalju meeskonna sees ja v\u00e4ltida selle kandumist meeskonnast v\u00e4lja. &#8220;N\u00f5uame viivitamatult k\u00f5ikide alates 20. augustist 2020 [&hellip;]<\/p>\n","protected":false},"author":80,"featured_media":113472,"comment_status":"open","ping_status":"open","sticky":false,"template":"","format":"standard","meta":{"_seopress_robots_primary_cat":"none","_seopress_titles_title":"","_seopress_titles_desc":"","_seopress_robots_index":"","footnotes":""},"categories":[203,142],"tags":[324],"class_list":{"0":"post-113470","1":"post","2":"type-post","3":"status-publish","4":"format-standard","5":"has-post-thumbnail","7":"category-jalgpall","8":"category-uudised","9":"tag-nomme-kalju"},"_links":{"self":[{"href":"https:\/\/www.sekundomer.ee\/et\/wp-json\/wp\/v2\/posts\/113470","targetHints":{"allow":["GET"]}}],"collection":[{"href":"https:\/\/www.sekundomer.ee\/et\/wp-json\/wp\/v2\/posts"}],"about":[{"href":"https:\/\/www.sekundomer.ee\/et\/wp-json\/wp\/v2\/types\/post"}],"author":[{"embeddable":true,"href":"https:\/\/www.sekundomer.ee\/et\/wp-json\/wp\/v2\/users\/80"}],"replies":[{"embeddable":true,"href":"https:\/\/www.sekundomer.ee\/et\/wp-json\/wp\/v2\/comments?post=113470"}],"version-history":[{"count":0,"href":"https:\/\/www.sekundomer.ee\/et\/wp-json\/wp\/v2\/posts\/113470\/revisions"}],"wp:featuredmedia":[{"embeddable":true,"href":"https:\/\/www.sekundomer.ee\/et\/wp-json\/wp\/v2\/media\/113472"}],"wp:attachment":[{"href":"https:\/\/www.sekundomer.ee\/et\/wp-json\/wp\/v2\/media?parent=113470"}],"wp:term":[{"taxonomy":"category","embeddable":true,"href":"https:\/\/www.sekundomer.ee\/et\/wp-json\/wp\/v2\/categories?post=113470"},{"taxonomy":"post_tag","embeddable":true,"href":"https:\/\/www.sekundomer.ee\/et\/wp-json\/wp\/v2\/tags?post=113470"}],"curies":[{"name":"wp","href":"https:\/\/api.w.org\/{rel}","templated":true}]}}