{"id":113713,"date":"2020-09-06T10:38:41","date_gmt":"2020-09-06T07:38:41","guid":{"rendered":"https:\/\/www.sekundomer.ee\/?p=113713"},"modified":"2020-09-06T10:40:19","modified_gmt":"2020-09-06T07:40:19","slug":"eesti-meeste-koondise-koosseisus-tehti-teisipaevaseks-uefa-rahvuste-liiga-manguks-armeeniaga-sunnitud-muudatusi","status":"publish","type":"post","link":"https:\/\/www.sekundomer.ee\/et\/uudised\/eesti-meeste-koondise-koosseisus-tehti-teisipaevaseks-uefa-rahvuste-liiga-manguks-armeeniaga-sunnitud-muudatusi\/","title":{"rendered":"Eesti meeste koondise koosseisus tehti teisip\u00e4evaseks UEFA Rahvuste liiga m\u00e4nguks Armeeniaga sunnitud muudatusi"},"content":{"rendered":"<p>Eesti meeste koondise koosseisus tehti teisip\u00e4evaseks UEFA Rahvuste liiga m\u00e4nguks Armeeniaga sunnitud muudatusi.<\/p>\n<p>Juba varem oli teada, et Armeenia vastu ei tee kaasa Henrik Ojamaa ja vigastatud Michael Lilander, n\u00fc\u00fcd lisandus veel kaks eemalej\u00e4\u00e4jat, sest klubi juurde naaseb Joonas Tamm ja eilses m\u00e4ngus sai vigastada Taijo Teniste. Koosseisu lisandus Henrik P\u00fcrg.<\/p>\n<p>Eesti koondis reisib Tallinnast Jerevani t\u00e4na kell 16 v\u00e4ljuva Nordica tellimuslennuga. ETV2 otse\u00fclekanne Armeenia \u2013 Eesti UEFA Rahvuste liiga m\u00e4ngust algab teisip\u00e4eval, 8. septembril kell 18.50.<\/p>\n<p>Eesti koondise koosseis m\u00e4nguks Armeeniaga:<\/p>\n<p>V\u00e4ravavahid<br \/>\nArtur Kotenko (20.08.1981) \u2013 Tallinna FCI Levadia 27\/0<br \/>\nKarl Jakob Hein (13.04.2002) \u2013 Londoni Arsenal (ENG) 1\/0<br \/>\nKarl Johan Pechter (02.03.1996) \u2013 Tartu JK Tammeka 0\/0<\/p>\n<p>Kaitsjad<br \/>\nKarol Mets (16.05.1993) \u2013 Stockholmi AIK (SWE) 62\/0<br \/>\nKen Kallaste (31.08.1988) \u2013 Tallinna FC Flora 45\/0<br \/>\nNikita Baranov (19.08.1992) \u2013 Karmiotissa FC (CYP) 38\/0<br \/>\nM\u00e4rten Kuusk (05.04.1996) \u2013 Tallinna FC Flora 2\/0<br \/>\nHenrik P\u00fcrg (03.06.1996) \u2013 Tallinna FC Flora 2\/0<br \/>\nHenri J\u00e4rvelaid (11.12.1998) \u2013 Vendsyssel FF (DEN) 1\/0<\/p>\n<p>Poolkaitsjad ja r\u00fcndajad<br \/>\nKonstantin Vassiljev (16.08.1984) \u2013 Tallinna FC Flora 120\/25<br \/>\nSergei Zenjov (20.04.1989) \u2013 Karagand\u00f5 \u0160ahtjor (KAZ) 85\/13<br \/>\nHenri Anier (17.12.1990) \u2013 Paide Linnameeskond 62\/13<br \/>\nIlja Antonov (05.12.1992) \u2013 Ararat-Armenia (ARM) 50\/2<br \/>\nMattias K\u00e4it (29.06.1998) \u2013 NK Dom\u017eale (SVN) 27\/5<br \/>\nRauno Sappinen (23.01.1996) \u2013 Tallinna FC Flora 25\/2<br \/>\nFrank Liivak (07.07.1996) \u2013 Tallinna FC Flora 18\/2<br \/>\nMihkel Ainsalu (08.03.1996) \u2013 FK Lviv (UKR) 8\/0<br \/>\nMark Oliver Roosnupp (12.05.1997) \u2013 Tallinna FCI Levadia 7\/0<br \/>\nVladislav Kreida (25.09.1999) \u2013 Tallinna FC Flora 4\/0<br \/>\nVlasiy Sinyavskiy (27.11.1996) \u2013 Tallinna FC Flora 2\/0<br \/>\nGeorgi Tunjov (17.04.2001) \u2013 SPAL (ITA) 1\/0<br \/>\nPeatreener: Karel Voolaid<\/p>\n<p>Eesti meeste koondise m\u00e4ngud 2020 (Eesti aja j\u00e4rgi):<br \/>\n08.09.2020 kell 19.00 Armeenia \u2013 Eesti, Jerevan (Rahvuste liiga)<br \/>\n07.10.2020 kell 19.00 Eesti \u2013 Leedu, A. Le Coq Arena (maav\u00f5istlus)<br \/>\n11.10.2020 kell 19.00 Eesti \u2013 P\u00f5hja-Makedoonia, A. Le Coq Arena (Rahvuste liiga)<br \/>\n14.10.2020 kell 21.45 Eesti \u2013 Armeenia, A. Le Coq Arena (Rahvuste liiga)<br \/>\n11.11.2020 Itaalia \u2013 Eesti (maav\u00f5istlus)<br \/>\n15.11.2020 kell 16.00 P\u00f5hja-Makedoonia \u2013 Eesti (Rahvuste liiga)<br \/>\n18.11.2020 kell 19.00 Gruusia \u2013 Eesti (Rahvuste liiga)<\/p>\n<p><em>EJLi pressiteenistus<\/em><\/p>\n","protected":false},"excerpt":{"rendered":"<p>Eesti meeste koondise koosseisus tehti teisip\u00e4evaseks UEFA Rahvuste liiga m\u00e4nguks Armeeniaga sunnitud muudatusi. Juba varem oli teada, et Armeenia vastu ei tee kaasa Henrik Ojamaa ja vigastatud Michael Lilander, n\u00fc\u00fcd lisandus veel kaks eemalej\u00e4\u00e4jat, sest klubi juurde naaseb Joonas Tamm ja eilses m\u00e4ngus sai vigastada Taijo Teniste. Koosseisu lisandus Henrik P\u00fcrg. Eesti koondis reisib Tallinnast [&hellip;]<\/p>\n","protected":false},"author":80,"featured_media":111636,"comment_status":"open","ping_status":"open","sticky":false,"template":"","format":"standard","meta":{"_seopress_robots_primary_cat":"none","_seopress_titles_title":"","_seopress_titles_desc":"","_seopress_robots_index":"","footnotes":""},"categories":[203,142],"tags":[],"class_list":{"0":"post-113713","1":"post","2":"type-post","3":"status-publish","4":"format-standard","5":"has-post-thumbnail","7":"category-jalgpall","8":"category-uudised"},"_links":{"self":[{"href":"https:\/\/www.sekundomer.ee\/et\/wp-json\/wp\/v2\/posts\/113713","targetHints":{"allow":["GET"]}}],"collection":[{"href":"https:\/\/www.sekundomer.ee\/et\/wp-json\/wp\/v2\/posts"}],"about":[{"href":"https:\/\/www.sekundomer.ee\/et\/wp-json\/wp\/v2\/types\/post"}],"author":[{"embeddable":true,"href":"https:\/\/www.sekundomer.ee\/et\/wp-json\/wp\/v2\/users\/80"}],"replies":[{"embeddable":true,"href":"https:\/\/www.sekundomer.ee\/et\/wp-json\/wp\/v2\/comments?post=113713"}],"version-history":[{"count":0,"href":"https:\/\/www.sekundomer.ee\/et\/wp-json\/wp\/v2\/posts\/113713\/revisions"}],"wp:featuredmedia":[{"embeddable":true,"href":"https:\/\/www.sekundomer.ee\/et\/wp-json\/wp\/v2\/media\/111636"}],"wp:attachment":[{"href":"https:\/\/www.sekundomer.ee\/et\/wp-json\/wp\/v2\/media?parent=113713"}],"wp:term":[{"taxonomy":"category","embeddable":true,"href":"https:\/\/www.sekundomer.ee\/et\/wp-json\/wp\/v2\/categories?post=113713"},{"taxonomy":"post_tag","embeddable":true,"href":"https:\/\/www.sekundomer.ee\/et\/wp-json\/wp\/v2\/tags?post=113713"}],"curies":[{"name":"wp","href":"https:\/\/api.w.org\/{rel}","templated":true}]}}