{"id":114199,"date":"2020-09-14T11:40:11","date_gmt":"2020-09-14T08:40:11","guid":{"rendered":"https:\/\/www.sekundomer.ee\/?p=114199"},"modified":"2020-09-14T11:40:11","modified_gmt":"2020-09-14T08:40:11","slug":"sos-lastekula-sai-jalgpallivaljaku-ehitamiseks-toetuse","status":"publish","type":"post","link":"https:\/\/www.sekundomer.ee\/et\/uudised\/sos-lastekula-sai-jalgpallivaljaku-ehitamiseks-toetuse\/","title":{"rendered":"SOS Lastek\u00fcla sai jalgpalliv\u00e4ljaku ehitamiseks toetuse"},"content":{"rendered":"<p class=\"xxxxxxxxxxxxxxxxxxxxxxxxxxxxxxxxxxxxxxxxxxxxxxxxxxxxxxxxxxxxxxxxxxxxxxxxxxxxmsonormal\">UEFA lastefond m\u00e4\u00e4ras SOS Lastek\u00fclale rahalise auhinna, mille eest ehitatakse Juuru SOS Lastek\u00fcla l\u00e4hedusse v\u00e4ike jalgpalliv\u00e4ljak.<\/p>\n<p class=\"xxxxxxxxxxxxxxxxxxxxxxxxxxxxxxxxxxxxxxxxxxxxxxxxxxxxxxxxxxxxxxxxxxxxxxxxxxxxmsonormal\">UEFA lastefond jagas miljon eurot v\u00f5rdselt 20 laureaadi vahel, mis t\u00e4hendas igale toetuse saajale 50 000 eurot. Laureaadid pidid vastama mitmele tingimusele, sealhulgas kaitsma oma riigi laste huve.<\/p>\n<p class=\"xxxxxxxxxxxxxxxxxxxxxxxxxxxxxxxxxxxxxxxxxxxxxxxxxxxxxxxxxxxxxxxxxxxxxxxxxxxxmsonormal\">\u201eSOS Lastek\u00fcla on Eesti Jalgpalli Liiduga teinud koost\u00f6\u00f6d alates 2004. aastast,\u201c \u00fctles SOS Lastek\u00fcla Eesti \u00dchingu tegevjuht Margus Oro.\u00a0\u201eLaste soovist l\u00e4htuvalt korraldame SOS Lastek\u00fcla Cupi nimelist turniiri k\u00f5igile Eesti asenduskodude lastele. Seda teeme t\u00e4naseni v\u00e4ljakul, mille koos jalgpalliliiduga 2006. aastal Keila Lastek\u00fcla juurde ehitasime. Sel v\u00e4ljakul on meie lapsed nautinud jalgpallim\u00e4ngu ja \u00f5ppinud nii teineteisega arvestamist ning meeskonna olulisust. N\u00fc\u00fcd on antud meile UEFA lastefondi, jalgpalliliidu ja Rapla vallavalituse poolt v\u00f5imalus rajada uus kunstkattega jalgpalli miniv\u00e4ljak ning seekord Juuru Lastek\u00fcla l\u00e4hedusse. Ma juba n\u00e4en nende laste s\u00e4ravaid ja t\u00e4nulikke silmi, kes sellel platsil esmakordselt palli v\u00e4ravasse l\u00f6\u00f6vad,\u201c r\u00e4\u00e4kis Oro.<\/p>\n<p class=\"xxxxxxxxxxxxxxxxxxxxxxxxxxxxxxxxxxxxxxxxxxxxxxxxxxxxxxxxxxxxxxxxxxxxxxxxxxxxmsonormal\">SOS Lastek\u00fcla esitas auhinnale Eesti Jalgpalli Liit. \u201eSOS Lastek\u00fcla on v\u00e4ga \u00f5ige laureaat sellele tunnustusele,\u201c s\u00f5nas Eesti Jalgpalli Liidu peadirektor T\u00f5nu Sirel.\u00a0\u201eK\u00e4isime Juurus sealsete tingimustega tutvumas ning v\u00e4ljaku asukoht on kindlasti lastek\u00fclale sobiv, kuid pakub r\u00f5\u00f5mu ka teistele kogukonna noortele. T\u00e4name Rapla vallavalitsust, kes andis v\u00e4ljaku ehituseks sobiva maa ning kattis mitmeid ehitusega seotud kulusid.\u201c<\/p>\n<p class=\"xxxxxxxxxxxxxxxxxxxxxxxxxxxxxxxxxxxxxxxxxxxxxxxxxxxxxxxxxxxxxxxxxxxxxxxxxxxxmsonormal\"><em>EJLi pressiteenistus<\/em><\/p>\n","protected":false},"excerpt":{"rendered":"<p>UEFA lastefond m\u00e4\u00e4ras SOS Lastek\u00fclale rahalise auhinna, mille eest ehitatakse Juuru SOS Lastek\u00fcla l\u00e4hedusse v\u00e4ike jalgpalliv\u00e4ljak. UEFA lastefond jagas miljon eurot v\u00f5rdselt 20 laureaadi vahel, mis t\u00e4hendas igale toetuse saajale 50 000 eurot. Laureaadid pidid vastama mitmele tingimusele, sealhulgas kaitsma oma riigi laste huve. \u201eSOS Lastek\u00fcla on Eesti Jalgpalli Liiduga teinud koost\u00f6\u00f6d alates 2004. aastast,\u201c [&hellip;]<\/p>\n","protected":false},"author":80,"featured_media":114201,"comment_status":"open","ping_status":"open","sticky":false,"template":"","format":"standard","meta":{"_seopress_robots_primary_cat":"none","_seopress_titles_title":"","_seopress_titles_desc":"","_seopress_robots_index":"","footnotes":""},"categories":[203,142],"tags":[],"class_list":{"0":"post-114199","1":"post","2":"type-post","3":"status-publish","4":"format-standard","5":"has-post-thumbnail","7":"category-jalgpall","8":"category-uudised"},"_links":{"self":[{"href":"https:\/\/www.sekundomer.ee\/et\/wp-json\/wp\/v2\/posts\/114199","targetHints":{"allow":["GET"]}}],"collection":[{"href":"https:\/\/www.sekundomer.ee\/et\/wp-json\/wp\/v2\/posts"}],"about":[{"href":"https:\/\/www.sekundomer.ee\/et\/wp-json\/wp\/v2\/types\/post"}],"author":[{"embeddable":true,"href":"https:\/\/www.sekundomer.ee\/et\/wp-json\/wp\/v2\/users\/80"}],"replies":[{"embeddable":true,"href":"https:\/\/www.sekundomer.ee\/et\/wp-json\/wp\/v2\/comments?post=114199"}],"version-history":[{"count":0,"href":"https:\/\/www.sekundomer.ee\/et\/wp-json\/wp\/v2\/posts\/114199\/revisions"}],"wp:featuredmedia":[{"embeddable":true,"href":"https:\/\/www.sekundomer.ee\/et\/wp-json\/wp\/v2\/media\/114201"}],"wp:attachment":[{"href":"https:\/\/www.sekundomer.ee\/et\/wp-json\/wp\/v2\/media?parent=114199"}],"wp:term":[{"taxonomy":"category","embeddable":true,"href":"https:\/\/www.sekundomer.ee\/et\/wp-json\/wp\/v2\/categories?post=114199"},{"taxonomy":"post_tag","embeddable":true,"href":"https:\/\/www.sekundomer.ee\/et\/wp-json\/wp\/v2\/tags?post=114199"}],"curies":[{"name":"wp","href":"https:\/\/api.w.org\/{rel}","templated":true}]}}