{"id":114323,"date":"2020-09-17T11:20:59","date_gmt":"2020-09-17T08:20:59","guid":{"rendered":"https:\/\/www.sekundomer.ee\/?p=114323"},"modified":"2020-09-17T11:20:59","modified_gmt":"2020-09-17T08:20:59","slug":"tartu-rattamaratonil-on-oodata-intrigeerivat-eesti-lati-duelli-soitma-tuleb-taas-ka-president-kersti-kaljulaid","status":"publish","type":"post","link":"https:\/\/www.sekundomer.ee\/et\/uudised\/tartu-rattamaratonil-on-oodata-intrigeerivat-eesti-lati-duelli-soitma-tuleb-taas-ka-president-kersti-kaljulaid\/","title":{"rendered":"Tartu Rattamaratonil on oodata intrigeerivat Eesti-L\u00e4ti duelli, s\u00f5itma tuleb taas ka president Kersti Kaljulaid"},"content":{"rendered":"<p style=\"font-weight: 400;\">Sel p\u00fchap\u00e4eval, 20. septembril, toimub j\u00e4rjekorras 23. Tartu Rattamaraton. Kohale on oodata eelmiste aastate paremikku ning 89 km distantsil on stardinimekirjas ka president Kersti Kaljulaid.<\/p>\n<p style=\"font-weight: 400;\">Stardijoonel on eelmise aasta esikolmik:\u00a0Gert J\u00f5e\u00e4\u00e4r\u00a0(v\u00f5itja),\u00a0Peeter Pruus\u00a0(2. koht) ning\u00a0Josten Vaidem (3. koht). Lisaks on kohal Tartu Rattamaratonil mitmeid poodiumikohti noppinud Caspar Austa\u00a0ning mitmekordne Eesti meister maastikurattakrossis \u2013\u00a0Martin Loo. Tuntud maastikuratturitele on konkurentsi pakkumas ka tugevad maanteemehed\u00a0Alo Jakin,\u00a0Gert Kivistik ja veel juunioride klassis pedalleeriv Madis Mihkels. Eestlastele on tugevaks vastaseks l\u00e4tlane, kahekordne Tartu Rattamaratoni v\u00f5itja\u00a0Andzs Flaksis, kes on lubanud starti tulla olenemata Eesti k\u00fclastamisele j\u00e4rgnevast karantiinin\u00f5udest.<\/p>\n<p style=\"font-weight: 400;\">Naistest on samuti kohal viimaste aastate paremik:\u00a0Janelle Uibokand\u00a0(2019. aasta v\u00f5itja) ning varasemalt kahel korral v\u00f5idutsenud\u00a0Greete Steinburg. Tugevat Eesti-L\u00e4ti vastasseisu on naistegi konkurentsis. Poodiumikohtade p\u00e4rast hakkavad v\u00f5istlema ka kahekordsed Tartu Rattamaratoni v\u00f5itjad Lelde Ardava\u00a0ning\u00a0Katrina\u00a0Jaunslaviete-Kipure. Eesti esinumbrid maastikurattakrosssis \u2013\u00a0Janika L\u00f5iv\u00a0ja\u00a0Mari-Liis M\u00f5ttus\u00a0valmistuvad T\u0161ehhis toimuvaks maastikuratta MM-iks ning sellel aastal starti tulla ei saa.<\/p>\n<p style=\"font-weight: 400;\">Teiste seas on stardinimekirjas ka president\u00a0Kersti Kaljulaid, kes on distantsiks valinud 89 kilomeetrit.<\/p>\n<p style=\"font-weight: 400;\">P\u00e4ev enne p\u00f5his\u00f5ite, 19. septembril, toimuvad lastes\u00f5idud Tartu T\u00e4htvere Spordipargis. Valida saab hommikuse ja \u00f5htuse vahetuse v\u00f5i virtuaals\u00f5idu vahel (virtuaals\u00f5it kestab 20. septembrini). Lastes\u00f5idule registreerimine toimub ainult iseteeninduskeskkonnas ja osalustasu on 3 eurot. T\u00e4htvere Spordipargis kohapeal sel aastal registreerida ei saa!<\/p>\n<p style=\"font-weight: 400;\">Rohkem informatsiooni 23. Tartu Rattamaratoni kohta leiab\u00a0<a href=\"https:\/\/www.tartumaraton.ee\/et\/yritused\/rattamaraton\/23\/programm\/\">SIIT<\/a><\/p>\n<p style=\"font-weight: 400;\"><em>Foto 2019. aasta Tartu Rattamaratoni v\u00f5itjast, Gert J\u00f5e\u00e4\u00e4rest, on manuses. Foto autor: Ardo S\u00e4ks.<\/em><\/p>\n<p style=\"font-weight: 400;\"><em>Liisa-Lotta Veiken<\/em><br \/>\n<em>Turundus ja kommunikatsioon<\/em><br \/>\n<em>MT\u00dc Klubi Tartu Maraton<\/em><\/p>\n","protected":false},"excerpt":{"rendered":"<p>Sel p\u00fchap\u00e4eval, 20. septembril, toimub j\u00e4rjekorras 23. Tartu Rattamaraton. Kohale on oodata eelmiste aastate paremikku ning 89 km distantsil on stardinimekirjas ka president Kersti Kaljulaid. Stardijoonel on eelmise aasta esikolmik:\u00a0Gert J\u00f5e\u00e4\u00e4r\u00a0(v\u00f5itja),\u00a0Peeter Pruus\u00a0(2. koht) ning\u00a0Josten Vaidem (3. koht). Lisaks on kohal Tartu Rattamaratonil mitmeid poodiumikohti noppinud Caspar Austa\u00a0ning mitmekordne Eesti meister maastikurattakrossis \u2013\u00a0Martin Loo. Tuntud maastikuratturitele [&hellip;]<\/p>\n","protected":false},"author":80,"featured_media":114325,"comment_status":"open","ping_status":"open","sticky":false,"template":"","format":"standard","meta":{"_seopress_robots_primary_cat":"none","_seopress_titles_title":"","_seopress_titles_desc":"","_seopress_robots_index":"","footnotes":""},"categories":[159,142],"tags":[334],"class_list":{"0":"post-114323","1":"post","2":"type-post","3":"status-publish","4":"format-standard","5":"has-post-thumbnail","7":"category-jalgratas","8":"category-uudised","9":"tag-tartu-rattamaraton"},"_links":{"self":[{"href":"https:\/\/www.sekundomer.ee\/et\/wp-json\/wp\/v2\/posts\/114323","targetHints":{"allow":["GET"]}}],"collection":[{"href":"https:\/\/www.sekundomer.ee\/et\/wp-json\/wp\/v2\/posts"}],"about":[{"href":"https:\/\/www.sekundomer.ee\/et\/wp-json\/wp\/v2\/types\/post"}],"author":[{"embeddable":true,"href":"https:\/\/www.sekundomer.ee\/et\/wp-json\/wp\/v2\/users\/80"}],"replies":[{"embeddable":true,"href":"https:\/\/www.sekundomer.ee\/et\/wp-json\/wp\/v2\/comments?post=114323"}],"version-history":[{"count":0,"href":"https:\/\/www.sekundomer.ee\/et\/wp-json\/wp\/v2\/posts\/114323\/revisions"}],"wp:featuredmedia":[{"embeddable":true,"href":"https:\/\/www.sekundomer.ee\/et\/wp-json\/wp\/v2\/media\/114325"}],"wp:attachment":[{"href":"https:\/\/www.sekundomer.ee\/et\/wp-json\/wp\/v2\/media?parent=114323"}],"wp:term":[{"taxonomy":"category","embeddable":true,"href":"https:\/\/www.sekundomer.ee\/et\/wp-json\/wp\/v2\/categories?post=114323"},{"taxonomy":"post_tag","embeddable":true,"href":"https:\/\/www.sekundomer.ee\/et\/wp-json\/wp\/v2\/tags?post=114323"}],"curies":[{"name":"wp","href":"https:\/\/api.w.org\/{rel}","templated":true}]}}