{"id":114349,"date":"2020-09-17T16:48:00","date_gmt":"2020-09-17T13:48:00","guid":{"rendered":"https:\/\/www.sekundomer.ee\/?p=114349"},"modified":"2020-09-17T16:52:17","modified_gmt":"2020-09-17T13:52:17","slug":"narva-energiajooks-sel-aastal-ei-toimu","status":"publish","type":"post","link":"https:\/\/www.sekundomer.ee\/et\/uudised\/narva-energiajooks-sel-aastal-ei-toimu\/","title":{"rendered":"Narva Energiajooks sel aastal ei toimu"},"content":{"rendered":"<div class=\"newsIntro\">\n<p>Ida-Virumaa suurim spordis\u00fcndmus Narva Energiajooks sel aastal ei toimu.<\/p>\n<\/div>\n<div>\n<p>Seoses koroonaviirusest tingitud ebakindla olukorraga on suur\u00fcrituste korraldajad sattunud v\u00e4ga keerulisse seisu. Arvestades Covid-19 viiruse leviku intensiivsuse kasvu Ida-Virumaal ja Eestis laiemalt otsustasid korraldajad koos peatoetaja Eesti Energiaga 10. oktoobril toimuma pidanud Ida-Virumaa suurima spordis\u00fcndmuse Narva Energiajooksu edasi l\u00fckata j\u00e4rgmisse aastasse. K\u00fcmnes Narva Energiajooks toimub piirangute leevenedes laup\u00e4eval, 12. juunil 2021. aastal.<\/p>\n<p>Narva Energiajooksu programmi kuuluvad traditsiooniliselt\u00a021,1 kilomeetri pikkune poolmaraton ning kuuekilomeetrine distants jooksjatele ja k\u00e4ijatele ning lastejooksud.<\/p>\n<p>Koost\u00f6\u00f6s Eesti Kergej\u00f5ustikuliiduga Narvas toimuma pidanud Eesti meistriv\u00f5istlused poolmaratonis peetakse Tartu Linnamaratoni raames 3. oktoobril.<\/p>\n<p>K\u00f5igi registreeritud jooksus\u00f5prade ja liikumisharrastajate t\u00e4navune Energiajooksu osalus viiakse \u00fcle 2021. aastasse v\u00f5i soovi korral makstakse osav\u00f5tutasu tagasi.<\/p>\n<p>Alates 2011. aastast regulaarselt toimunud Narva Energiajooks on kasvanud Ida-Virumaa suurimaks spordis\u00fcndmuseks, olles liikuma pannud \u00fcle kolmek\u00fcmne tuhande harrastaja.<\/p>\n<p><em>jooks.ee<\/em><\/p>\n<\/div>\n","protected":false},"excerpt":{"rendered":"<p>Ida-Virumaa suurim spordis\u00fcndmus Narva Energiajooks sel aastal ei toimu. Seoses koroonaviirusest tingitud ebakindla olukorraga on suur\u00fcrituste korraldajad sattunud v\u00e4ga keerulisse seisu. Arvestades Covid-19 viiruse leviku intensiivsuse kasvu Ida-Virumaal ja Eestis laiemalt otsustasid korraldajad koos peatoetaja Eesti Energiaga 10. oktoobril toimuma pidanud Ida-Virumaa suurima spordis\u00fcndmuse Narva Energiajooksu edasi l\u00fckata j\u00e4rgmisse aastasse. K\u00fcmnes Narva Energiajooks toimub piirangute [&hellip;]<\/p>\n","protected":false},"author":80,"featured_media":114347,"comment_status":"open","ping_status":"open","sticky":false,"template":"","format":"standard","meta":{"_seopress_robots_primary_cat":"none","_seopress_titles_title":"","_seopress_titles_desc":"","_seopress_robots_index":"","footnotes":""},"categories":[201,142],"tags":[],"class_list":{"0":"post-114349","1":"post","2":"type-post","3":"status-publish","4":"format-standard","5":"has-post-thumbnail","7":"category-kergejoustik","8":"category-uudised"},"_links":{"self":[{"href":"https:\/\/www.sekundomer.ee\/et\/wp-json\/wp\/v2\/posts\/114349","targetHints":{"allow":["GET"]}}],"collection":[{"href":"https:\/\/www.sekundomer.ee\/et\/wp-json\/wp\/v2\/posts"}],"about":[{"href":"https:\/\/www.sekundomer.ee\/et\/wp-json\/wp\/v2\/types\/post"}],"author":[{"embeddable":true,"href":"https:\/\/www.sekundomer.ee\/et\/wp-json\/wp\/v2\/users\/80"}],"replies":[{"embeddable":true,"href":"https:\/\/www.sekundomer.ee\/et\/wp-json\/wp\/v2\/comments?post=114349"}],"version-history":[{"count":0,"href":"https:\/\/www.sekundomer.ee\/et\/wp-json\/wp\/v2\/posts\/114349\/revisions"}],"wp:featuredmedia":[{"embeddable":true,"href":"https:\/\/www.sekundomer.ee\/et\/wp-json\/wp\/v2\/media\/114347"}],"wp:attachment":[{"href":"https:\/\/www.sekundomer.ee\/et\/wp-json\/wp\/v2\/media?parent=114349"}],"wp:term":[{"taxonomy":"category","embeddable":true,"href":"https:\/\/www.sekundomer.ee\/et\/wp-json\/wp\/v2\/categories?post=114349"},{"taxonomy":"post_tag","embeddable":true,"href":"https:\/\/www.sekundomer.ee\/et\/wp-json\/wp\/v2\/tags?post=114349"}],"curies":[{"name":"wp","href":"https:\/\/api.w.org\/{rel}","templated":true}]}}