{"id":115511,"date":"2020-10-09T13:04:57","date_gmt":"2020-10-09T10:04:57","guid":{"rendered":"https:\/\/www.sekundomer.ee\/?p=115511"},"modified":"2020-10-09T13:04:57","modified_gmt":"2020-10-09T10:04:57","slug":"parnus-peetavad-eesti-meistrivoistlused-kulturismis-ja-fitnessis","status":"publish","type":"post","link":"https:\/\/www.sekundomer.ee\/et\/uudised\/parnus-peetavad-eesti-meistrivoistlused-kulturismis-ja-fitnessis\/","title":{"rendered":"P\u00e4rnus peetavad Eesti meistriv\u00f5istlused kulturismis ja fitnessis"},"content":{"rendered":"<p>Eesti kulturismi ja fitnessi meistriv\u00f5istlused toimuvad 10. oktoobril P\u00e4rnu kontserdimajas (Aida 4).<\/p>\n<div>\u201e\u00dcks favoriit on v\u00e4rske Euroopa meister Tiia Kaare, juunioride ja naiste bodyfitnessis kindlasti v\u00e4ga tugev tegija. Bikiinifitnessis on Agne Kiviselg v\u00e4ga tugev. Meeste hulgas on Ats Lahi v\u00e4ljas, v\u00e4ga tugeva ja hea vormiga,\u201d \u00fctles Eesti Kulturismi ja Fitnessi Liidu president Metsla.<br \/>\n\u201eKoroona on muidugi andnud oma l\u00f6\u00f6gi ja ka EM-il oli osalejate arv v\u00e4iksem kui tavaliselt, aga ikkagi tehakse. \u00d5nneks meie inimeste seas pole hetkel ka haigestumist olnud. Hoiame distantsi, teeme k\u00f5ik selleks, et saaksime v\u00f5istelda, sporti teha ja et k\u00f5ik oleksid rahul ja r\u00f5\u00f5msad,\u201d s\u00f5nas Metsla.<\/div>\n<div>\nUksed avatakse kell 14, v\u00f5istluse algus kell 15.<\/div>\n<div>\nAvatud on v\u00e4ike messiala, kus saab tutvuda sponsorite pakutavaga.<br \/>\nNB! V\u00f5istlusel on kohustuslik kanda kaitsemaski, mida v\u00f5ib kaasa v\u00f5tta ja saab ka kohapealt osta!<\/div>\n<div>\n<em>Eesti Kulturismi ja Fitnessi Liit<\/em><\/div>\n","protected":false},"excerpt":{"rendered":"<p>Eesti kulturismi ja fitnessi meistriv\u00f5istlused toimuvad 10. oktoobril P\u00e4rnu kontserdimajas (Aida 4). \u201e\u00dcks favoriit on v\u00e4rske Euroopa meister Tiia Kaare, juunioride ja naiste bodyfitnessis kindlasti v\u00e4ga tugev tegija. Bikiinifitnessis on Agne Kiviselg v\u00e4ga tugev. Meeste hulgas on Ats Lahi v\u00e4ljas, v\u00e4ga tugeva ja hea vormiga,\u201d \u00fctles Eesti Kulturismi ja Fitnessi Liidu president Metsla. \u201eKoroona on [&hellip;]<\/p>\n","protected":false},"author":80,"featured_media":115514,"comment_status":"open","ping_status":"open","sticky":false,"template":"","format":"standard","meta":{"_seopress_robots_primary_cat":"none","_seopress_titles_title":"","_seopress_titles_desc":"","_seopress_robots_index":"","footnotes":""},"categories":[142],"tags":[],"class_list":{"0":"post-115511","1":"post","2":"type-post","3":"status-publish","4":"format-standard","5":"has-post-thumbnail","7":"category-uudised"},"_links":{"self":[{"href":"https:\/\/www.sekundomer.ee\/et\/wp-json\/wp\/v2\/posts\/115511","targetHints":{"allow":["GET"]}}],"collection":[{"href":"https:\/\/www.sekundomer.ee\/et\/wp-json\/wp\/v2\/posts"}],"about":[{"href":"https:\/\/www.sekundomer.ee\/et\/wp-json\/wp\/v2\/types\/post"}],"author":[{"embeddable":true,"href":"https:\/\/www.sekundomer.ee\/et\/wp-json\/wp\/v2\/users\/80"}],"replies":[{"embeddable":true,"href":"https:\/\/www.sekundomer.ee\/et\/wp-json\/wp\/v2\/comments?post=115511"}],"version-history":[{"count":0,"href":"https:\/\/www.sekundomer.ee\/et\/wp-json\/wp\/v2\/posts\/115511\/revisions"}],"wp:featuredmedia":[{"embeddable":true,"href":"https:\/\/www.sekundomer.ee\/et\/wp-json\/wp\/v2\/media\/115514"}],"wp:attachment":[{"href":"https:\/\/www.sekundomer.ee\/et\/wp-json\/wp\/v2\/media?parent=115511"}],"wp:term":[{"taxonomy":"category","embeddable":true,"href":"https:\/\/www.sekundomer.ee\/et\/wp-json\/wp\/v2\/categories?post=115511"},{"taxonomy":"post_tag","embeddable":true,"href":"https:\/\/www.sekundomer.ee\/et\/wp-json\/wp\/v2\/tags?post=115511"}],"curies":[{"name":"wp","href":"https:\/\/api.w.org\/{rel}","templated":true}]}}