{"id":117578,"date":"2020-11-04T20:00:53","date_gmt":"2020-11-04T18:00:53","guid":{"rendered":"https:\/\/www.sekundomer.ee\/?p=117578"},"modified":"2020-11-04T20:00:53","modified_gmt":"2020-11-04T18:00:53","slug":"eesti-saksamaa-em-valikmang-toimub-publikuta","status":"publish","type":"post","link":"https:\/\/www.sekundomer.ee\/et\/uudised\/eesti-saksamaa-em-valikmang-toimub-publikuta\/","title":{"rendered":"Eesti \u2013 Saksamaa EM-valikm\u00e4ng toimub publikuta"},"content":{"rendered":"<p>Eesti K\u00e4sipalliliidu (EKL) juhatus otsustas t\u00e4na, et p\u00fchap\u00e4evane 2022.<br \/>\naasta Euroopa meistriv\u00f5istluste valikturniiri m\u00e4ng Eesti ja Saksamaa<br \/>\nvahel toimub pealtvaatajateta. 8. novembril Tallinnas, Kalevi<br \/>\nspordihallis peetav kohtumine algab kell 16:15 ning sellest teeb<br \/>\notse\u00fclekande ETV.<\/p>\n<p>&#8220;Oleme igap\u00e4evaselt olnud \u00fchenduses Terviseametiga ning viimase v\u00e4rsked<br \/>\nsoovitused nii inimestele kui ka organisatsioonidele on k\u00fcllalt selged &#8211;<br \/>\nigasuguseid \u00fcritusi ja suuremaid koosviibimisi tuleks v\u00e4ltida. T\u00e4nagi<br \/>\nteatati rekordilisest nakatumisjuhtumite arvust,&#8221; vihjas EKL-i<br \/>\npeasekret\u00e4r Pirje Orasson koroonakriisi s\u00fcvenemisele.<\/p>\n<p>&#8220;T\u00e4nase seisuga EM-valikm\u00e4ng toimub ja on loomulikult \u00fclimalt kahju, et<br \/>\nniiv\u00f5rd ajaloolist s\u00fcndmust nagu m\u00e4ng Saksamaa vastu ei p\u00e4\u00e4se<br \/>\nspordis\u00f5brad vaatama. Aga peame seadma esikohale nii sportlaste,<br \/>\nkorraldajate kui ka v\u00f5imalike pealtvaatajate tervise ning olukorda<br \/>\ntervikuna hinnates, langetas juhatus sellise otsuse,&#8221; selgitas Orasson.<\/p>\n","protected":false},"excerpt":{"rendered":"<p>Eesti K\u00e4sipalliliidu (EKL) juhatus otsustas t\u00e4na, et p\u00fchap\u00e4evane 2022. aasta Euroopa meistriv\u00f5istluste valikturniiri m\u00e4ng Eesti ja Saksamaa vahel toimub pealtvaatajateta. 8. novembril Tallinnas, Kalevi spordihallis peetav kohtumine algab kell 16:15 ning sellest teeb otse\u00fclekande ETV. &#8220;Oleme igap\u00e4evaselt olnud \u00fchenduses Terviseametiga ning viimase v\u00e4rsked soovitused nii inimestele kui ka organisatsioonidele on k\u00fcllalt selged &#8211; igasuguseid \u00fcritusi [&hellip;]<\/p>\n","protected":false},"author":80,"featured_media":117580,"comment_status":"open","ping_status":"open","sticky":false,"template":"","format":"standard","meta":{"_seopress_robots_primary_cat":"none","_seopress_titles_title":"","_seopress_titles_desc":"","_seopress_robots_index":"","footnotes":""},"categories":[160,142],"tags":[],"class_list":{"0":"post-117578","1":"post","2":"type-post","3":"status-publish","4":"format-standard","5":"has-post-thumbnail","7":"category-kasipall","8":"category-uudised"},"_links":{"self":[{"href":"https:\/\/www.sekundomer.ee\/et\/wp-json\/wp\/v2\/posts\/117578","targetHints":{"allow":["GET"]}}],"collection":[{"href":"https:\/\/www.sekundomer.ee\/et\/wp-json\/wp\/v2\/posts"}],"about":[{"href":"https:\/\/www.sekundomer.ee\/et\/wp-json\/wp\/v2\/types\/post"}],"author":[{"embeddable":true,"href":"https:\/\/www.sekundomer.ee\/et\/wp-json\/wp\/v2\/users\/80"}],"replies":[{"embeddable":true,"href":"https:\/\/www.sekundomer.ee\/et\/wp-json\/wp\/v2\/comments?post=117578"}],"version-history":[{"count":0,"href":"https:\/\/www.sekundomer.ee\/et\/wp-json\/wp\/v2\/posts\/117578\/revisions"}],"wp:featuredmedia":[{"embeddable":true,"href":"https:\/\/www.sekundomer.ee\/et\/wp-json\/wp\/v2\/media\/117580"}],"wp:attachment":[{"href":"https:\/\/www.sekundomer.ee\/et\/wp-json\/wp\/v2\/media?parent=117578"}],"wp:term":[{"taxonomy":"category","embeddable":true,"href":"https:\/\/www.sekundomer.ee\/et\/wp-json\/wp\/v2\/categories?post=117578"},{"taxonomy":"post_tag","embeddable":true,"href":"https:\/\/www.sekundomer.ee\/et\/wp-json\/wp\/v2\/tags?post=117578"}],"curies":[{"name":"wp","href":"https:\/\/api.w.org\/{rel}","templated":true}]}}