{"id":117596,"date":"2020-11-05T09:03:17","date_gmt":"2020-11-05T07:03:17","guid":{"rendered":"https:\/\/www.sekundomer.ee\/?p=117596"},"modified":"2020-11-05T09:08:07","modified_gmt":"2020-11-05T07:08:07","slug":"eesti-kaotas-voideldes-em-il-kaheksandaks-tulnud-austriale","status":"publish","type":"post","link":"https:\/\/www.sekundomer.ee\/et\/uudised\/eesti-kaotas-voideldes-em-il-kaheksandaks-tulnud-austriale\/","title":{"rendered":"Eesti kaotas v\u00f5ideldes EM-il kaheksandaks tulnud Austriale"},"content":{"rendered":"<p>Kolmap\u00e4eva \u00f5htul alustas Eesti koondis 2022. aasta k\u00e4sipalli Euroopa meistriv\u00f5istluste otsustavat valikturniiri. 2. alagruppi avam\u00e4ngus kohtus Eesti v\u00f5\u00f5rsil Austriaga ning kaotas Grazis 28:31 (16:16). P\u00fchap\u00e4eval on Tallinnas, Kalevi spordihallis vastamisi Eesti ja<br \/>\nSaksamaa.<\/p>\n<p>M\u00f5lemal meeskonnal puudus hulganisti p\u00f5hitegijaid. Eesti pidi hakkama saama n\u00e4iteks ilma Mait Patraili, Dener Jaanimaa ja J\u00fcrgen Roobata, t\u00e4navu jaanuaris EM-finaalturniiril kaheksanda koha saanud Austrial olid puudu Saksamaa Bundesliga tipp-pallurid Nikola Bilyk ja Robert Weber.<\/p>\n<p>Eesti sai kohtumisele v\u00e4ga hea alguse, kui tabasid Karl Toom ja Martin Johannson. Kaitses seisti h\u00e4sti ja p\u00e4rast head blokeeringut viis Alfred Timmo kuuendal minutil k\u00fclalised 5:2 juhtima. Austria tuli aga kiirelt m\u00e4ngu tagasi, sundis agressiivse kaitsega eestlasi mitmeid vales\u00f6\u00f6te tegema ning k\u00fcmnendaks minutiks oli tablool viik 5:5.<\/p>\n<p>Meie koondise m\u00e4ngu h\u00e4irisid ka kaheminutilised karistused ning hoo sisse saanud Austria l\u00e4ks 15. minutil Lukas Huteceki v\u00e4ravast juba 10:6 ette. Siis t\u00f5mbas peatreener Thomas Sivertsson aga pingilt t\u00f5elise trump\u00e4ssa, saates v\u00e4ravasuule Marius Aleksejevi. Koondise vanim ja kogenuim liige tegi kolme minutiga neli suurep\u00e4rast t\u00f5rjet.<\/p>\n<p>Kui toimib kaitse, hakkab ka r\u00fcnnak sujuma, on kuldne reegel. V\u00f5imsas viskehoos olnud Toom pommitas mitu korda j\u00e4rjest t\u00e4pselt ja 23. minutil leidis Johannson \u00fclit\u00e4pse s\u00f6\u00f6duga Ott Variku, kes viis kiirr\u00fcnnakust Eesti uuesti juhtima, 13:12. Poolteist minutit enne poolaja l\u00f5ppu tegi Toom ka 16:14, kuid Austria j\u00f5udis koos sireeniga viigini.<\/p>\n<p>Teise pooltunni algul etendati veelgi lahtisemat k\u00e4sipalli ja esimese viie minuti &#8220;minimat\u0161i&#8221; v\u00f5itis Austria 5:3. Eesti oli kogu kohtumise suurtes raskustes 130-kilose joonem\u00e4ngija Tobias Wagneri pidurdamisega, kes viis v\u00f5\u00f5rustajad 23:20 ette.<\/p>\n<p>Kaspar Lees viskas \u00fche tagasi, kuid siis saabus seitsmeminutiline periood, kus Eesti ei saanud v\u00e4ravatki, ehkki suur osa sellest ajast m\u00e4ngiti arvulises \u00fclekaalus. 47. minutil juhtis Austria 25:21, kuid eestlased v\u00f5itlesid v\u00f5imsalt. Rasmus Ots saatis palli t\u00fchja v\u00e4ravasse, h\u00e4sti hakkas lisaks Toomile tabama Varik.<\/p>\n<p>L\u00e4hemale kui kaks v\u00e4ravat Eesti siiski ei saanud ja vastu tuli v\u00f5tta 28:31 kaotus. Toom viskas l\u00f5puks \u00fcleplatsimehena 11 v\u00e4ravat, Varik lisas viis, Lees kolm, Timmo, Andris Celmin\u0161 ja Armi P\u00e4rt kaks v\u00e4ravat ning \u00fche tabamuse said kirja Johannson, Ots ja Henri Hiiend. Vastaste t\u00e4pseim oli Wagner seitsme v\u00e4ravaga.<\/p>\n<p>&#8220;Kaotus pole kunagi positiivne, aga t\u00e4nasest m\u00e4ngust on siiski palju head kaasa v\u00f5tta. Saime r\u00fcnnakul kuus kuue vastu v\u00e4ga h\u00e4sti hakkama, sundisime neid korduvalt kaitset muutma ja viskasime edukalt. J\u00e4ime aga h\u00e4tta \u00fclekaalus m\u00e4ngimisega ja sellest on t\u00f5siselt kahju,&#8221; kommenteeris Eesti koondise peatreener Thomas Sivertsson.<\/p>\n<p>&#8220;\u00dclekaalus m\u00e4ngimist j\u00f5uame veel enne p\u00fchap\u00e4eva harjutada, aga mitmel puhul olid vaid v\u00e4ikesed detailid, mis olukorrad austerlaste kasuks kallutasid. Lisaks tegi nende v\u00e4ravavaht vajalikul hetkel h\u00e4id t\u00f5rjeid. Olime siiski kogu aeg m\u00e4ngus sees ja see on kindlasti positiivne t\u00f5siasi nii tugeva meeskonnaga m\u00e4ngides,&#8221; lisas Sivertsson.<\/p>\n<p>EM-valikturniiril osaleb 32 meeskonda, kes jagatud kaheksasse alagruppi. Finaalturniirile saavad kaheksa alagrupi kaks esimest ning lisaks neli paremat kolmanda koha saavutanud koondist. Eestiga koos kuuluvad 2. alagruppi peale Austria veel ka Saksamaa ning Bosnia ja Hertsegoviina, kes kohtuvad omavahel neljap\u00e4eval D\u00fcsseldorfis.<\/p>\n<p>EM-VALIKM\u00c4NG: AUSTRIA \u2013 EESTI 31:28 (16:16)<\/p>\n<p>4. novembril 2020. Graz &#8211; Raiffeisen Sportpark, 0 pealtvaatajat.<br \/>\nKohtunikud: Marco Di Domenico ja Lorenzo Fornasier (m\u00f5l Itaalia).<\/p>\n<p>Eesti: Rasmus Ots (1 v\u00e4rav), Armis Priskus, Marius Aleksejev; Kaspar Lees (3), Armi P\u00e4rt (2), Martin Johannson (1), Alfred Timmo (2), Kristo Voika, Karl Toom (11), Andris Celmin\u0161 (2), Ott Varik (5), Markus Viitkar, Henri Hiiend (1), T\u00f5nis Kase, Mathias Rebane, Vahur Oolup. Peatreener Thomas Sivertsson.<\/p>\n<p><em>Pildil: Eesti koondis enne EM-valikm\u00e4ngu Austriaga. (Foto: EKL)<\/em><\/p>\n","protected":false},"excerpt":{"rendered":"<p>Kolmap\u00e4eva \u00f5htul alustas Eesti koondis 2022. aasta k\u00e4sipalli Euroopa meistriv\u00f5istluste otsustavat valikturniiri. 2. alagruppi avam\u00e4ngus kohtus Eesti v\u00f5\u00f5rsil Austriaga ning kaotas Grazis 28:31 (16:16). P\u00fchap\u00e4eval on Tallinnas, Kalevi spordihallis vastamisi Eesti ja Saksamaa. M\u00f5lemal meeskonnal puudus hulganisti p\u00f5hitegijaid. Eesti pidi hakkama saama n\u00e4iteks ilma Mait Patraili, Dener Jaanimaa ja J\u00fcrgen Roobata, t\u00e4navu jaanuaris EM-finaalturniiril kaheksanda [&hellip;]<\/p>\n","protected":false},"author":80,"featured_media":117598,"comment_status":"open","ping_status":"open","sticky":false,"template":"","format":"standard","meta":{"_seopress_robots_primary_cat":"none","_seopress_titles_title":"","_seopress_titles_desc":"","_seopress_robots_index":"","footnotes":""},"categories":[160,142],"tags":[],"class_list":{"0":"post-117596","1":"post","2":"type-post","3":"status-publish","4":"format-standard","5":"has-post-thumbnail","7":"category-kasipall","8":"category-uudised"},"_links":{"self":[{"href":"https:\/\/www.sekundomer.ee\/et\/wp-json\/wp\/v2\/posts\/117596","targetHints":{"allow":["GET"]}}],"collection":[{"href":"https:\/\/www.sekundomer.ee\/et\/wp-json\/wp\/v2\/posts"}],"about":[{"href":"https:\/\/www.sekundomer.ee\/et\/wp-json\/wp\/v2\/types\/post"}],"author":[{"embeddable":true,"href":"https:\/\/www.sekundomer.ee\/et\/wp-json\/wp\/v2\/users\/80"}],"replies":[{"embeddable":true,"href":"https:\/\/www.sekundomer.ee\/et\/wp-json\/wp\/v2\/comments?post=117596"}],"version-history":[{"count":0,"href":"https:\/\/www.sekundomer.ee\/et\/wp-json\/wp\/v2\/posts\/117596\/revisions"}],"wp:featuredmedia":[{"embeddable":true,"href":"https:\/\/www.sekundomer.ee\/et\/wp-json\/wp\/v2\/media\/117598"}],"wp:attachment":[{"href":"https:\/\/www.sekundomer.ee\/et\/wp-json\/wp\/v2\/media?parent=117596"}],"wp:term":[{"taxonomy":"category","embeddable":true,"href":"https:\/\/www.sekundomer.ee\/et\/wp-json\/wp\/v2\/categories?post=117596"},{"taxonomy":"post_tag","embeddable":true,"href":"https:\/\/www.sekundomer.ee\/et\/wp-json\/wp\/v2\/tags?post=117596"}],"curies":[{"name":"wp","href":"https:\/\/api.w.org\/{rel}","templated":true}]}}