{"id":118072,"date":"2020-11-10T15:42:33","date_gmt":"2020-11-10T13:42:33","guid":{"rendered":"https:\/\/www.sekundomer.ee\/?p=118072"},"modified":"2020-11-10T15:42:33","modified_gmt":"2020-11-10T13:42:33","slug":"maskide-kandmisest-valitsuse-tanane-otsus","status":"publish","type":"post","link":"https:\/\/www.sekundomer.ee\/et\/uudised\/maskide-kandmisest-valitsuse-tanane-otsus\/","title":{"rendered":"Maskide kandmisest, valitsuse t\u00e4nane otsus"},"content":{"rendered":"<p>Valitsus kehtestas t\u00e4na, 10. novembril 2020 uued koroonaviiruse vastased meetmed. Olulist infot on muuhulgas kultuuri- ja spordivaldkonnaga seotud korraldajatele ning asutustele.<\/p>\n<p>Alates esmasp\u00e4evast, 16. novembrist k.a hakkab kehtima maski kandmise reegel. Maski tuleb kanda v\u00f5i katta nina ja suu konverentsidel, kontsertidel, teatris ja kinos. Maski ei pea kandma alla 12-aastased lapsed v\u00f5i inimesed, kellel on meditsiiniline p\u00f5hjendus (n\u00e4iteks astmaatikud v\u00f5i vaegkuuljad).<\/p>\n<p>Palume k\u00f5igil korraldajatel ning asutustel maski olemasolu kontrollida ning luua v\u00f5imalused selleks, et maskid oleksid s\u00fcndmuste toimumispaikades k\u00e4ttesaadavad.<\/p>\n<p>Muuseumides, galeriides, raamatukogudes ja spordiklubides t\u00e4iendavaid piiranguid ei kehtestatud, k\u00fcll aga kehtib endiselt hajutamise reegel. Samuti kutsume k\u00f5iki \u00fcles kasutama koroonaviiruse leviku t\u00f5kestamist toetavaid infomaterjale, mis asuvad siin:\u00a0<a title=\"https:\/\/www.kriis.ee\/et\/koroonaviiruse-trukised\" href=\"https:\/\/www.kriis.ee\/et\/koroonaviiruse-trukised\" target=\"_blank\" rel=\"noopener noreferrer\">https:\/\/www.kriis.ee\/et\/koroonaviiruse-trukised<\/a>.<\/p>\n<p><em>Meelis Kompus<\/em><br \/>\n<em>Kultuuriministeeriumi kommunikatsiooniosakonna juhataja<\/em><\/p>\n","protected":false},"excerpt":{"rendered":"<p>Valitsus kehtestas t\u00e4na, 10. novembril 2020 uued koroonaviiruse vastased meetmed. Olulist infot on muuhulgas kultuuri- ja spordivaldkonnaga seotud korraldajatele ning asutustele. Alates esmasp\u00e4evast, 16. novembrist k.a hakkab kehtima maski kandmise reegel. Maski tuleb kanda v\u00f5i katta nina ja suu konverentsidel, kontsertidel, teatris ja kinos. Maski ei pea kandma alla 12-aastased lapsed v\u00f5i inimesed, kellel on [&hellip;]<\/p>\n","protected":false},"author":80,"featured_media":118075,"comment_status":"open","ping_status":"open","sticky":false,"template":"","format":"standard","meta":{"_seopress_robots_primary_cat":"none","_seopress_titles_title":"","_seopress_titles_desc":"","_seopress_robots_index":"","footnotes":""},"categories":[142],"tags":[],"class_list":{"0":"post-118072","1":"post","2":"type-post","3":"status-publish","4":"format-standard","5":"has-post-thumbnail","7":"category-uudised"},"_links":{"self":[{"href":"https:\/\/www.sekundomer.ee\/et\/wp-json\/wp\/v2\/posts\/118072","targetHints":{"allow":["GET"]}}],"collection":[{"href":"https:\/\/www.sekundomer.ee\/et\/wp-json\/wp\/v2\/posts"}],"about":[{"href":"https:\/\/www.sekundomer.ee\/et\/wp-json\/wp\/v2\/types\/post"}],"author":[{"embeddable":true,"href":"https:\/\/www.sekundomer.ee\/et\/wp-json\/wp\/v2\/users\/80"}],"replies":[{"embeddable":true,"href":"https:\/\/www.sekundomer.ee\/et\/wp-json\/wp\/v2\/comments?post=118072"}],"version-history":[{"count":0,"href":"https:\/\/www.sekundomer.ee\/et\/wp-json\/wp\/v2\/posts\/118072\/revisions"}],"wp:featuredmedia":[{"embeddable":true,"href":"https:\/\/www.sekundomer.ee\/et\/wp-json\/wp\/v2\/media\/118075"}],"wp:attachment":[{"href":"https:\/\/www.sekundomer.ee\/et\/wp-json\/wp\/v2\/media?parent=118072"}],"wp:term":[{"taxonomy":"category","embeddable":true,"href":"https:\/\/www.sekundomer.ee\/et\/wp-json\/wp\/v2\/categories?post=118072"},{"taxonomy":"post_tag","embeddable":true,"href":"https:\/\/www.sekundomer.ee\/et\/wp-json\/wp\/v2\/tags?post=118072"}],"curies":[{"name":"wp","href":"https:\/\/api.w.org\/{rel}","templated":true}]}}