{"id":118529,"date":"2020-11-24T09:17:23","date_gmt":"2020-11-24T07:17:23","guid":{"rendered":"https:\/\/www.sekundomer.ee\/?p=118529"},"modified":"2020-11-24T09:17:23","modified_gmt":"2020-11-24T07:17:23","slug":"laskesuusakoondis-asus-teele-kontiolahti-mk-etapile","status":"publish","type":"post","link":"https:\/\/www.sekundomer.ee\/et\/uudised\/laskesuusakoondis-asus-teele-kontiolahti-mk-etapile\/","title":{"rendered":"Laskesuusakoondis asus teele Kontiolahti MK-etapile"},"content":{"rendered":"<header class=\"article__head\">\n<p class=\"article__title\">Esmasp\u00e4eval, 23. novembril toimunud laskesuusatajate hooaja avapressikonverentsil tutvustasid koondislased Rene Zahkna, Kalev Ermits, Raido R\u00e4nkel, Kristo Siimer, Johanna Talih\u00e4rm, Regina Oja, Tuuli Tomingas ja Kadri Lehtla ning peatreener Indrek Tobreluts uue hooaja plaane.<\/p>\n<\/header>\n<div class=\"article__body\">\n<div class=\"article__entry\">\n<p>Idre katsev\u00f5istlustel sprindis meestest parima tulemuse teinud Kristo Siimer oleks saanud t\u00e4navu veel viimast hooaega juunioride sarjas s\u00f5ita, kuid k\u00f5ik etapid peale maailmameistriv\u00f5istluste t\u00fchistati. \u201eJuunioride MM on minu jaoks kahtlemata hooaja k\u00f5ige olulisem v\u00f5istlus,\u201c \u00fctles Siimer. Ta lisas, et treenis ka sel suvel peamiselt juunioride koondise treeneri T\u00f5nu P\u00e4\u00e4sukese k\u00e4e all.<\/p>\n<p>Naistest esines katsev\u00f5istlustel k\u00f5ige edukamalt Tuuli Tomingas, saavutades tihedas konkurentsis sprindis 6. ja individuaaldistantsil 3. koha. Eelmisel aastal samal ajal tundis Tomingas enda s\u00f5nul selgelt, et k\u00f5ik pole parimas korras, mist\u00f5ttu eba\u00f5nnestus ka hooaeg. Sel talvel \u00fcritab naine \u00fclepingutamist v\u00e4ltida. \u201eTegin otsuse, et jagan viimase \u00fclikooliaasta kaheks,\u201c \u00fctles Tomingas.<\/p>\n<p>Peatreener Indrek Tobrelutsu s\u00f5nul kulges suvine ettevalmistusperiood hoolimata koroonaviiruse levikust tingitud piirangutest plaanip\u00e4raselt. Koondise taustaj\u00f5ududega liitus anal\u00fc\u00fctik Karmen Reinp\u00f5ld ja erilist t\u00e4helepanu p\u00f6\u00f6rati ka j\u00f5utreeningutele. \u201eOleme Karmeniga treeningkavade osas pidevalt \u00fchenduses, kuid p\u00f5hiliselt on tema sportlastega tegelenud just laagrite vahelisel ajal,\u201c r\u00e4\u00e4kis Tobreluts.<\/p>\n<p>Maailmakarikav\u00f5istluste korraldust on pandeemia tugevalt m\u00f5jutanud, nimelt toimuvad esimese trimestri etapid nelja v\u00f5istluspaiga asemel kahes \u2013 Kontiolahtis ja Hochfilzenis. V\u00f5istluspaikades kohapeal on v\u00e4ga ranged reeglid. \u201cMK-etappidel peame iga paari p\u00e4eva tagant uue koroonatesti tegema,\u201d \u00fctles Tobreluts.<\/p>\n<p>MK-sarja avan\u00e4dalavahetusel on laup\u00e4eval kavas individuaaldistants ja p\u00fchap\u00e4eval sprint. \u201cEsimesel v\u00f5istlusel stardivad meestest Rene, Kalev ja Kristo ning naistest Johanna, Regina, Tuuli ja Kadri,\u201d s\u00f5nas Tobreluts. Ta lisas, et j\u00e4rgmistel v\u00f5istlustel v\u00f5ivad startida ka praegu varunumbritena kaasa s\u00f5itvad sportlased, otsus tehakse jooksvalt.<\/p>\n<p><em>biathlon.ee<\/em><\/p>\n<\/div>\n<\/div>\n","protected":false},"excerpt":{"rendered":"<p>Esmasp\u00e4eval, 23. novembril toimunud laskesuusatajate hooaja avapressikonverentsil tutvustasid koondislased Rene Zahkna, Kalev Ermits, Raido R\u00e4nkel, Kristo Siimer, Johanna Talih\u00e4rm, Regina Oja, Tuuli Tomingas ja Kadri Lehtla ning peatreener Indrek Tobreluts uue hooaja plaane. Idre katsev\u00f5istlustel sprindis meestest parima tulemuse teinud Kristo Siimer oleks saanud t\u00e4navu veel viimast hooaega juunioride sarjas s\u00f5ita, kuid k\u00f5ik etapid peale [&hellip;]<\/p>\n","protected":false},"author":80,"featured_media":118531,"comment_status":"open","ping_status":"open","sticky":false,"template":"","format":"standard","meta":{"_seopress_robots_primary_cat":"none","_seopress_titles_title":"","_seopress_titles_desc":"","_seopress_robots_index":"","footnotes":""},"categories":[194,142],"tags":[],"class_list":{"0":"post-118529","1":"post","2":"type-post","3":"status-publish","4":"format-standard","5":"has-post-thumbnail","7":"category-laskesuusatamine","8":"category-uudised"},"_links":{"self":[{"href":"https:\/\/www.sekundomer.ee\/et\/wp-json\/wp\/v2\/posts\/118529","targetHints":{"allow":["GET"]}}],"collection":[{"href":"https:\/\/www.sekundomer.ee\/et\/wp-json\/wp\/v2\/posts"}],"about":[{"href":"https:\/\/www.sekundomer.ee\/et\/wp-json\/wp\/v2\/types\/post"}],"author":[{"embeddable":true,"href":"https:\/\/www.sekundomer.ee\/et\/wp-json\/wp\/v2\/users\/80"}],"replies":[{"embeddable":true,"href":"https:\/\/www.sekundomer.ee\/et\/wp-json\/wp\/v2\/comments?post=118529"}],"version-history":[{"count":0,"href":"https:\/\/www.sekundomer.ee\/et\/wp-json\/wp\/v2\/posts\/118529\/revisions"}],"wp:featuredmedia":[{"embeddable":true,"href":"https:\/\/www.sekundomer.ee\/et\/wp-json\/wp\/v2\/media\/118531"}],"wp:attachment":[{"href":"https:\/\/www.sekundomer.ee\/et\/wp-json\/wp\/v2\/media?parent=118529"}],"wp:term":[{"taxonomy":"category","embeddable":true,"href":"https:\/\/www.sekundomer.ee\/et\/wp-json\/wp\/v2\/categories?post=118529"},{"taxonomy":"post_tag","embeddable":true,"href":"https:\/\/www.sekundomer.ee\/et\/wp-json\/wp\/v2\/tags?post=118529"}],"curies":[{"name":"wp","href":"https:\/\/api.w.org\/{rel}","templated":true}]}}