{"id":119071,"date":"2020-12-08T16:11:27","date_gmt":"2020-12-08T14:11:27","guid":{"rendered":"https:\/\/www.sekundomer.ee\/?p=119071"},"modified":"2020-12-08T16:11:27","modified_gmt":"2020-12-08T14:11:27","slug":"premium-liiga-uleminekumangud-toimuvad-10-ja-13-detsembril","status":"publish","type":"post","link":"https:\/\/www.sekundomer.ee\/et\/uudised\/premium-liiga-uleminekumangud-toimuvad-10-ja-13-detsembril\/","title":{"rendered":"Premium liiga \u00fcleminekum\u00e4ngud toimuvad 10. ja 13. detsembril"},"content":{"rendered":"<p>Maardu Linnameeskonna ja FC Kuressaare vahelised Premium liiga \u00fcleminekum\u00e4ngud toimuvad 10. ja 13. detsembril.<\/p>\n<p>10. detsembril kell 18 kohtuvad v\u00f5istkonnad Maardu kunstmuruv\u00e4ljakul ja 13. detsembril kell 13 Kuressaare kunstmuruv\u00e4ljakul.<\/p>\n<p>Algselt pidid \u00fcleminekum\u00e4ngud toimuma 3. ja 6. detsembril, kuid l\u00fckati FC Kuressaare v\u00f5istkonna eneseisolatsiooni t\u00f5ttu edasi 9. ja 12. detsembrile. N\u00fc\u00fcd oli tarvis isolatsioonireeglite t\u00f5ttu m\u00e4nguaegu veel p\u00e4eva v\u00f5rra muuta.<br \/>\n<em>EJLi pressiteenistus<\/em><\/p>\n","protected":false},"excerpt":{"rendered":"<p>Maardu Linnameeskonna ja FC Kuressaare vahelised Premium liiga \u00fcleminekum\u00e4ngud toimuvad 10. ja 13. detsembril. 10. detsembril kell 18 kohtuvad v\u00f5istkonnad Maardu kunstmuruv\u00e4ljakul ja 13. detsembril kell 13 Kuressaare kunstmuruv\u00e4ljakul. Algselt pidid \u00fcleminekum\u00e4ngud toimuma 3. ja 6. detsembril, kuid l\u00fckati FC Kuressaare v\u00f5istkonna eneseisolatsiooni t\u00f5ttu edasi 9. ja 12. detsembrile. N\u00fc\u00fcd oli tarvis isolatsioonireeglite t\u00f5ttu m\u00e4nguaegu [&hellip;]<\/p>\n","protected":false},"author":80,"featured_media":111355,"comment_status":"open","ping_status":"open","sticky":false,"template":"","format":"standard","meta":{"_seopress_robots_primary_cat":"none","_seopress_titles_title":"","_seopress_titles_desc":"","_seopress_robots_index":"","footnotes":""},"categories":[203,142],"tags":[],"class_list":{"0":"post-119071","1":"post","2":"type-post","3":"status-publish","4":"format-standard","5":"has-post-thumbnail","7":"category-jalgpall","8":"category-uudised"},"_links":{"self":[{"href":"https:\/\/www.sekundomer.ee\/et\/wp-json\/wp\/v2\/posts\/119071","targetHints":{"allow":["GET"]}}],"collection":[{"href":"https:\/\/www.sekundomer.ee\/et\/wp-json\/wp\/v2\/posts"}],"about":[{"href":"https:\/\/www.sekundomer.ee\/et\/wp-json\/wp\/v2\/types\/post"}],"author":[{"embeddable":true,"href":"https:\/\/www.sekundomer.ee\/et\/wp-json\/wp\/v2\/users\/80"}],"replies":[{"embeddable":true,"href":"https:\/\/www.sekundomer.ee\/et\/wp-json\/wp\/v2\/comments?post=119071"}],"version-history":[{"count":0,"href":"https:\/\/www.sekundomer.ee\/et\/wp-json\/wp\/v2\/posts\/119071\/revisions"}],"wp:featuredmedia":[{"embeddable":true,"href":"https:\/\/www.sekundomer.ee\/et\/wp-json\/wp\/v2\/media\/111355"}],"wp:attachment":[{"href":"https:\/\/www.sekundomer.ee\/et\/wp-json\/wp\/v2\/media?parent=119071"}],"wp:term":[{"taxonomy":"category","embeddable":true,"href":"https:\/\/www.sekundomer.ee\/et\/wp-json\/wp\/v2\/categories?post=119071"},{"taxonomy":"post_tag","embeddable":true,"href":"https:\/\/www.sekundomer.ee\/et\/wp-json\/wp\/v2\/tags?post=119071"}],"curies":[{"name":"wp","href":"https:\/\/api.w.org\/{rel}","templated":true}]}}