{"id":119159,"date":"2020-12-11T12:19:48","date_gmt":"2020-12-11T10:19:48","guid":{"rendered":"https:\/\/www.sekundomer.ee\/?p=119159"},"modified":"2020-12-11T12:22:47","modified_gmt":"2020-12-11T10:22:47","slug":"flora-levadia-viimase-vooru-mang-jaab-ara","status":"publish","type":"post","link":"https:\/\/www.sekundomer.ee\/et\/uudised\/flora-levadia-viimase-vooru-mang-jaab-ara\/","title":{"rendered":"Flora &#8211; Levadia viimase vooru m\u00e4ng j\u00e4\u00e4b \u00e4ra"},"content":{"rendered":"<p>Eesti Jalgpalli Liit (EJL) otsustas koroonaviirusest tingitud olukorra t\u00f5ttu \u00e4ra j\u00e4tta laup\u00e4eval, 12. detsembril toimuma pidanud Premium liiga viimase vooru m\u00e4ngu FC Flora ja FCI Levadia vahel.<\/p>\n<p>Jalgpalliliit konsulteeris enne otsuse tegemist m\u00f5lema klubi ja f\u00e4nniesindajatega.<\/p>\n<p>&#8220;M\u00f5lemad klubid toetasid otsust mitte m\u00e4ngida v\u00e4ltimaks uute nakatumiste ja eneseisolatsiooni riski. M\u00f5istagi oli otsus v\u00f5imalik teha seet\u00f5ttu, et kohtumisel ei oleks olnud tabeliseisule m\u00f5ju,&#8221; selgitas EJLi president Aivar Pohlak.<\/p>\n<p>Eesti meistriks tulnud FC Florale antakse karikas pidulikult \u00fcle homme, 12. detsembril kell 17 A. Le Coq Arenal.<\/p>\n<p>Teatavasti pidi Flora &#8211; Levadia viimase vooru kohtumine algselt toimuma 6. detsembril, kuid l\u00fckati edasi seoses m\u00f5lema meeskonna eneseisolatsiooniga. Hiljem andsid FC Flora v\u00f5istkonnas \u00fcheksa m\u00e4ngijat positiivse koroonaviiruse proovi. M\u00f5lemad v\u00f5istkonnad andsid eile koroonaviiruse proovid, lisandus \u00fcks positiivne tulemus, mille andis FCI Levadia personali liige.<\/p>\n<p><em>EJLi pressiteenistus<\/em><\/p>\n","protected":false},"excerpt":{"rendered":"<p>Eesti Jalgpalli Liit (EJL) otsustas koroonaviirusest tingitud olukorra t\u00f5ttu \u00e4ra j\u00e4tta laup\u00e4eval, 12. detsembril toimuma pidanud Premium liiga viimase vooru m\u00e4ngu FC Flora ja FCI Levadia vahel. Jalgpalliliit konsulteeris enne otsuse tegemist m\u00f5lema klubi ja f\u00e4nniesindajatega. &#8220;M\u00f5lemad klubid toetasid otsust mitte m\u00e4ngida v\u00e4ltimaks uute nakatumiste ja eneseisolatsiooni riski. M\u00f5istagi oli otsus v\u00f5imalik teha seet\u00f5ttu, et [&hellip;]<\/p>\n","protected":false},"author":80,"featured_media":118947,"comment_status":"open","ping_status":"open","sticky":false,"template":"","format":"standard","meta":{"_seopress_robots_primary_cat":"none","_seopress_titles_title":"","_seopress_titles_desc":"","_seopress_robots_index":"","footnotes":""},"categories":[203,142],"tags":[],"class_list":{"0":"post-119159","1":"post","2":"type-post","3":"status-publish","4":"format-standard","5":"has-post-thumbnail","7":"category-jalgpall","8":"category-uudised"},"_links":{"self":[{"href":"https:\/\/www.sekundomer.ee\/et\/wp-json\/wp\/v2\/posts\/119159","targetHints":{"allow":["GET"]}}],"collection":[{"href":"https:\/\/www.sekundomer.ee\/et\/wp-json\/wp\/v2\/posts"}],"about":[{"href":"https:\/\/www.sekundomer.ee\/et\/wp-json\/wp\/v2\/types\/post"}],"author":[{"embeddable":true,"href":"https:\/\/www.sekundomer.ee\/et\/wp-json\/wp\/v2\/users\/80"}],"replies":[{"embeddable":true,"href":"https:\/\/www.sekundomer.ee\/et\/wp-json\/wp\/v2\/comments?post=119159"}],"version-history":[{"count":0,"href":"https:\/\/www.sekundomer.ee\/et\/wp-json\/wp\/v2\/posts\/119159\/revisions"}],"wp:featuredmedia":[{"embeddable":true,"href":"https:\/\/www.sekundomer.ee\/et\/wp-json\/wp\/v2\/media\/118947"}],"wp:attachment":[{"href":"https:\/\/www.sekundomer.ee\/et\/wp-json\/wp\/v2\/media?parent=119159"}],"wp:term":[{"taxonomy":"category","embeddable":true,"href":"https:\/\/www.sekundomer.ee\/et\/wp-json\/wp\/v2\/categories?post=119159"},{"taxonomy":"post_tag","embeddable":true,"href":"https:\/\/www.sekundomer.ee\/et\/wp-json\/wp\/v2\/tags?post=119159"}],"curies":[{"name":"wp","href":"https:\/\/api.w.org\/{rel}","templated":true}]}}