{"id":120392,"date":"2021-01-29T18:52:03","date_gmt":"2021-01-29T16:52:03","guid":{"rendered":"https:\/\/www.sekundomer.ee\/?p=120392"},"modified":"2021-01-29T18:52:03","modified_gmt":"2021-01-29T16:52:03","slug":"kristjan-ilves-sai-30-koha","status":"publish","type":"post","link":"https:\/\/www.sekundomer.ee\/et\/uudised\/kristjan-ilves-sai-30-koha\/","title":{"rendered":"Kristjan Ilves sai 30. koha"},"content":{"rendered":"<p>Kahev\u00f5istluse MK-sari j\u00e4tkub sellel n\u00e4dalavahetusel Seefeldi minituuriga. T\u00e4nane v\u00f5istlus v\u00f5itis Jarl-Magnus Riiber, Kristjan Ilves l\u00f5petas 30. kohal.<\/p>\n<div class=\"article-main--content formatted--content\n    \"><\/p>\n<p>Kahjuks Kristjan Ilvese kvalfikatsioonih\u00fcpe eba\u00f5nnestus. Eestlane lendas 99 meetrit, koos stiili- ja tuulepuntidega teenis ta 110,1 silma. Ilves sai rajale alles 27. kohal, Riiberist ja Watabest 1.55 hiljem. Suusarajal andis Ilves liidritega v\u00f5rreldes \u00e4ra 25 sekundit. mis andis fini\u0161is 30. positsiooni.<\/p>\n<\/div>\n<div class=\"article-main--content formatted--content\n    \"><\/p>\n<p>Seefeldi suusatuur j\u00e4tkub homme ja \u00fclehomme.<\/p>\n<\/div>\n","protected":false},"excerpt":{"rendered":"<p>Kahev\u00f5istluse MK-sari j\u00e4tkub sellel n\u00e4dalavahetusel Seefeldi minituuriga. T\u00e4nane v\u00f5istlus v\u00f5itis Jarl-Magnus Riiber, Kristjan Ilves l\u00f5petas 30. kohal. Kahjuks Kristjan Ilvese kvalfikatsioonih\u00fcpe eba\u00f5nnestus. Eestlane lendas 99 meetrit, koos stiili- ja tuulepuntidega teenis ta 110,1 silma. Ilves sai rajale alles 27. kohal, Riiberist ja Watabest 1.55 hiljem. Suusarajal andis Ilves liidritega v\u00f5rreldes \u00e4ra 25 sekundit. mis andis [&hellip;]<\/p>\n","protected":false},"author":80,"featured_media":118744,"comment_status":"open","ping_status":"open","sticky":false,"template":"","format":"standard","meta":{"_seopress_robots_primary_cat":"none","_seopress_titles_title":"","_seopress_titles_desc":"","_seopress_robots_index":"","footnotes":""},"categories":[195,142],"tags":[430],"class_list":{"0":"post-120392","1":"post","2":"type-post","3":"status-publish","4":"format-standard","5":"has-post-thumbnail","7":"category-kahevoistlus","8":"category-uudised","9":"tag-kristjan-ilves"},"_links":{"self":[{"href":"https:\/\/www.sekundomer.ee\/et\/wp-json\/wp\/v2\/posts\/120392","targetHints":{"allow":["GET"]}}],"collection":[{"href":"https:\/\/www.sekundomer.ee\/et\/wp-json\/wp\/v2\/posts"}],"about":[{"href":"https:\/\/www.sekundomer.ee\/et\/wp-json\/wp\/v2\/types\/post"}],"author":[{"embeddable":true,"href":"https:\/\/www.sekundomer.ee\/et\/wp-json\/wp\/v2\/users\/80"}],"replies":[{"embeddable":true,"href":"https:\/\/www.sekundomer.ee\/et\/wp-json\/wp\/v2\/comments?post=120392"}],"version-history":[{"count":0,"href":"https:\/\/www.sekundomer.ee\/et\/wp-json\/wp\/v2\/posts\/120392\/revisions"}],"wp:featuredmedia":[{"embeddable":true,"href":"https:\/\/www.sekundomer.ee\/et\/wp-json\/wp\/v2\/media\/118744"}],"wp:attachment":[{"href":"https:\/\/www.sekundomer.ee\/et\/wp-json\/wp\/v2\/media?parent=120392"}],"wp:term":[{"taxonomy":"category","embeddable":true,"href":"https:\/\/www.sekundomer.ee\/et\/wp-json\/wp\/v2\/categories?post=120392"},{"taxonomy":"post_tag","embeddable":true,"href":"https:\/\/www.sekundomer.ee\/et\/wp-json\/wp\/v2\/tags?post=120392"}],"curies":[{"name":"wp","href":"https:\/\/api.w.org\/{rel}","templated":true}]}}