{"id":120709,"date":"2021-02-04T09:39:50","date_gmt":"2021-02-04T07:39:50","guid":{"rendered":"https:\/\/www.sekundomer.ee\/?p=120709"},"modified":"2021-02-04T09:39:50","modified_gmt":"2021-02-04T07:39:50","slug":"maicel-uibo-ei-voistle-vigastuse-tottu-rahvusvahelisel-mitmevoistlusel","status":"publish","type":"post","link":"https:\/\/www.sekundomer.ee\/et\/uudised\/maicel-uibo-ei-voistle-vigastuse-tottu-rahvusvahelisel-mitmevoistlusel\/","title":{"rendered":"Maicel Uibo ei v\u00f5istle vigastuse t\u00f5ttu rahvusvahelisel mitmev\u00f5istlusel"},"content":{"rendered":"<p>Mitmev\u00f5istleja Maicel Uibo teatas, et ei v\u00f5istle vigastuse t\u00f5ttu sel n\u00e4dalavahetusel toimuval rahvusvahelisel mitmev\u00f5istlusel. Kolmap\u00e4eval Lasnam\u00e4e kergej\u00f5ustikuhallis v\u00f5istluseelset treeningut tehes vigastas Uibo vasaku jala tagareit.<\/p>\n<p>Doktor Madis Rahuga konsulteerinud mitev\u00f5istleja m\u00e4rkis, et praeguses tervislikus seisundis v\u00f5istlemine suurendaks ohtu reit t\u00f5sisemalt uuesti vigastada. Uibo lisas, et doktor Rahuga tehti uuringud ning pandi paika esialgne raviplaan.<\/p>\n<p><em>Pressiteade<\/em><br \/>\n<em>Foto: Marko Mumm\/EKJL<\/em><\/p>\n","protected":false},"excerpt":{"rendered":"<p>Mitmev\u00f5istleja Maicel Uibo teatas, et ei v\u00f5istle vigastuse t\u00f5ttu sel n\u00e4dalavahetusel toimuval rahvusvahelisel mitmev\u00f5istlusel. Kolmap\u00e4eval Lasnam\u00e4e kergej\u00f5ustikuhallis v\u00f5istluseelset treeningut tehes vigastas Uibo vasaku jala tagareit. Doktor Madis Rahuga konsulteerinud mitev\u00f5istleja m\u00e4rkis, et praeguses tervislikus seisundis v\u00f5istlemine suurendaks ohtu reit t\u00f5sisemalt uuesti vigastada. Uibo lisas, et doktor Rahuga tehti uuringud ning pandi paika esialgne raviplaan. Pressiteade [&hellip;]<\/p>\n","protected":false},"author":80,"featured_media":120711,"comment_status":"open","ping_status":"open","sticky":false,"template":"","format":"standard","meta":{"_seopress_robots_primary_cat":"none","_seopress_titles_title":"","_seopress_titles_desc":"","_seopress_robots_index":"","footnotes":""},"categories":[201,142],"tags":[426],"class_list":{"0":"post-120709","1":"post","2":"type-post","3":"status-publish","4":"format-standard","5":"has-post-thumbnail","7":"category-kergejoustik","8":"category-uudised","9":"tag-maicel-uibo"},"_links":{"self":[{"href":"https:\/\/www.sekundomer.ee\/et\/wp-json\/wp\/v2\/posts\/120709","targetHints":{"allow":["GET"]}}],"collection":[{"href":"https:\/\/www.sekundomer.ee\/et\/wp-json\/wp\/v2\/posts"}],"about":[{"href":"https:\/\/www.sekundomer.ee\/et\/wp-json\/wp\/v2\/types\/post"}],"author":[{"embeddable":true,"href":"https:\/\/www.sekundomer.ee\/et\/wp-json\/wp\/v2\/users\/80"}],"replies":[{"embeddable":true,"href":"https:\/\/www.sekundomer.ee\/et\/wp-json\/wp\/v2\/comments?post=120709"}],"version-history":[{"count":0,"href":"https:\/\/www.sekundomer.ee\/et\/wp-json\/wp\/v2\/posts\/120709\/revisions"}],"wp:featuredmedia":[{"embeddable":true,"href":"https:\/\/www.sekundomer.ee\/et\/wp-json\/wp\/v2\/media\/120711"}],"wp:attachment":[{"href":"https:\/\/www.sekundomer.ee\/et\/wp-json\/wp\/v2\/media?parent=120709"}],"wp:term":[{"taxonomy":"category","embeddable":true,"href":"https:\/\/www.sekundomer.ee\/et\/wp-json\/wp\/v2\/categories?post=120709"},{"taxonomy":"post_tag","embeddable":true,"href":"https:\/\/www.sekundomer.ee\/et\/wp-json\/wp\/v2\/tags?post=120709"}],"curies":[{"name":"wp","href":"https:\/\/api.w.org\/{rel}","templated":true}]}}