{"id":120798,"date":"2021-02-06T14:07:27","date_gmt":"2021-02-06T12:07:27","guid":{"rendered":"https:\/\/www.sekundomer.ee\/?p=120798"},"modified":"2021-02-06T14:07:27","modified_gmt":"2021-02-06T12:07:27","slug":"kristjan-ilves-sai-saksamaal-soidetud-mk-etapil-12-koha","status":"publish","type":"post","link":"https:\/\/www.sekundomer.ee\/et\/uudised\/kristjan-ilves-sai-saksamaal-soidetud-mk-etapil-12-koha\/","title":{"rendered":"Kristjan Ilves sai Saksamaal s\u00f5idetud MK-etapil 12. koha"},"content":{"rendered":"<div class=\"page-layout--block\">\n<div class=\"page-layout--content\">\n<div class=\"page-layout--inner\">\n<div class=\"article-main--content article-main--excerpt formatted--content\">Saksamaal Kligenthalis toimuval kahev\u00f5istluse MK-etapil sai Kristjan Ilves kokkuv\u00f5ttes 12. koha. H\u00fcppevooru j\u00e4rel oli eestlane kaheksandal kohal. Ilvese h\u00fcppe pikkuseks m\u00f5\u00f5deti 134,5 meetrit ja see andis 131,5 punkti. Parima \u00f5hulennu tegi jaapanlane Ryota Yamamoto, kes h\u00fcppas 141,5 meetrit ja teenis 145,6 punkti.<\/div>\n<\/div>\n<\/div>\n<\/div>\n<div class=\"page-layout--block\">\n<div class=\"page-layout--content\">\n<div class=\"page-layout--inner\">\n<div class=\"article-main--content formatted--content\n    \"><\/p>\n<p>Suusarajale l\u00e4ks Ilves liidrist 56 sekundit hiljem, kokkuv\u00f5ttes kogunes v\u00f5itjale Vinzenz Geigerile kaotust +1.15,1. Kolmikv\u00f5idu viisid koju sakslased, sest Geigeri j\u00e4rel t\u00f5usid poodiumile Fabian Riessle (+3,5) ning Eric Frenzel (+3,6).<\/p>\n<p>Ilves on maailmakarika \u00fcldarvestuses 134 punktiga 17. kohal.<\/p>\n<\/div>\n<\/div>\n<\/div>\n<\/div>\n","protected":false},"excerpt":{"rendered":"<p>Saksamaal Kligenthalis toimuval kahev\u00f5istluse MK-etapil sai Kristjan Ilves kokkuv\u00f5ttes 12. koha. H\u00fcppevooru j\u00e4rel oli eestlane kaheksandal kohal. Ilvese h\u00fcppe pikkuseks m\u00f5\u00f5deti 134,5 meetrit ja see andis 131,5 punkti. Parima \u00f5hulennu tegi jaapanlane Ryota Yamamoto, kes h\u00fcppas 141,5 meetrit ja teenis 145,6 punkti. Suusarajale l\u00e4ks Ilves liidrist 56 sekundit hiljem, kokkuv\u00f5ttes kogunes v\u00f5itjale Vinzenz Geigerile kaotust [&hellip;]<\/p>\n","protected":false},"author":80,"featured_media":118744,"comment_status":"open","ping_status":"open","sticky":false,"template":"","format":"standard","meta":{"_seopress_robots_primary_cat":"none","_seopress_titles_title":"","_seopress_titles_desc":"","_seopress_robots_index":"","footnotes":""},"categories":[195,142],"tags":[430],"class_list":{"0":"post-120798","1":"post","2":"type-post","3":"status-publish","4":"format-standard","5":"has-post-thumbnail","7":"category-kahevoistlus","8":"category-uudised","9":"tag-kristjan-ilves"},"_links":{"self":[{"href":"https:\/\/www.sekundomer.ee\/et\/wp-json\/wp\/v2\/posts\/120798","targetHints":{"allow":["GET"]}}],"collection":[{"href":"https:\/\/www.sekundomer.ee\/et\/wp-json\/wp\/v2\/posts"}],"about":[{"href":"https:\/\/www.sekundomer.ee\/et\/wp-json\/wp\/v2\/types\/post"}],"author":[{"embeddable":true,"href":"https:\/\/www.sekundomer.ee\/et\/wp-json\/wp\/v2\/users\/80"}],"replies":[{"embeddable":true,"href":"https:\/\/www.sekundomer.ee\/et\/wp-json\/wp\/v2\/comments?post=120798"}],"version-history":[{"count":0,"href":"https:\/\/www.sekundomer.ee\/et\/wp-json\/wp\/v2\/posts\/120798\/revisions"}],"wp:featuredmedia":[{"embeddable":true,"href":"https:\/\/www.sekundomer.ee\/et\/wp-json\/wp\/v2\/media\/118744"}],"wp:attachment":[{"href":"https:\/\/www.sekundomer.ee\/et\/wp-json\/wp\/v2\/media?parent=120798"}],"wp:term":[{"taxonomy":"category","embeddable":true,"href":"https:\/\/www.sekundomer.ee\/et\/wp-json\/wp\/v2\/categories?post=120798"},{"taxonomy":"post_tag","embeddable":true,"href":"https:\/\/www.sekundomer.ee\/et\/wp-json\/wp\/v2\/tags?post=120798"}],"curies":[{"name":"wp","href":"https:\/\/api.w.org\/{rel}","templated":true}]}}