{"id":121340,"date":"2021-02-20T11:39:05","date_gmt":"2021-02-20T09:39:05","guid":{"rendered":"https:\/\/www.sekundomer.ee\/?p=121340"},"modified":"2021-02-20T11:39:05","modified_gmt":"2021-02-20T09:39:05","slug":"kergejoustikuliidu-korraldatavad-voistlused-on-jargmiseks-kaheks-nadalaks-edasi-lukatud","status":"publish","type":"post","link":"https:\/\/www.sekundomer.ee\/et\/uudised\/kergejoustikuliidu-korraldatavad-voistlused-on-jargmiseks-kaheks-nadalaks-edasi-lukatud\/","title":{"rendered":"Kergej\u00f5ustikuliidu korraldatavad v\u00f5istlused on j\u00e4rgmiseks kaheks n\u00e4dalaks edasi l\u00fckatud"},"content":{"rendered":"<p>Seoses COVID-19 haigust p\u00f5hjustavast koroonaviirusest tingitud riskide ja Terviseameti vastavasisulise ettepanekuga Eesti Kergej\u00f5ustikuliit 22. veebruarist kuni 8. m\u00e4rtsini v\u00f5istlusi ei korralda. Uute v\u00f5istluskuup\u00e4evade kohta anname teada esimesel v\u00f5imalusel.<\/p>\n<p>J\u00e4rgime Terviseameti juhiseid ning teeme k\u00f5ik endast oleneva, et v\u00f5imalik viiruse leviku risk viia minimaalseks.<\/p>\n<p><em>ekjl.ee<\/em><\/p>\n","protected":false},"excerpt":{"rendered":"<p>Seoses COVID-19 haigust p\u00f5hjustavast koroonaviirusest tingitud riskide ja Terviseameti vastavasisulise ettepanekuga Eesti Kergej\u00f5ustikuliit 22. veebruarist kuni 8. m\u00e4rtsini v\u00f5istlusi ei korralda. Uute v\u00f5istluskuup\u00e4evade kohta anname teada esimesel v\u00f5imalusel. J\u00e4rgime Terviseameti juhiseid ning teeme k\u00f5ik endast oleneva, et v\u00f5imalik viiruse leviku risk viia minimaalseks. ekjl.ee<\/p>\n","protected":false},"author":80,"featured_media":121342,"comment_status":"open","ping_status":"open","sticky":false,"template":"","format":"standard","meta":{"_seopress_robots_primary_cat":"none","_seopress_titles_title":"","_seopress_titles_desc":"","_seopress_robots_index":"","footnotes":""},"categories":[201,142],"tags":[448],"class_list":{"0":"post-121340","1":"post","2":"type-post","3":"status-publish","4":"format-standard","5":"has-post-thumbnail","7":"category-kergejoustik","8":"category-uudised","9":"tag-ekjl"},"_links":{"self":[{"href":"https:\/\/www.sekundomer.ee\/et\/wp-json\/wp\/v2\/posts\/121340","targetHints":{"allow":["GET"]}}],"collection":[{"href":"https:\/\/www.sekundomer.ee\/et\/wp-json\/wp\/v2\/posts"}],"about":[{"href":"https:\/\/www.sekundomer.ee\/et\/wp-json\/wp\/v2\/types\/post"}],"author":[{"embeddable":true,"href":"https:\/\/www.sekundomer.ee\/et\/wp-json\/wp\/v2\/users\/80"}],"replies":[{"embeddable":true,"href":"https:\/\/www.sekundomer.ee\/et\/wp-json\/wp\/v2\/comments?post=121340"}],"version-history":[{"count":0,"href":"https:\/\/www.sekundomer.ee\/et\/wp-json\/wp\/v2\/posts\/121340\/revisions"}],"wp:featuredmedia":[{"embeddable":true,"href":"https:\/\/www.sekundomer.ee\/et\/wp-json\/wp\/v2\/media\/121342"}],"wp:attachment":[{"href":"https:\/\/www.sekundomer.ee\/et\/wp-json\/wp\/v2\/media?parent=121340"}],"wp:term":[{"taxonomy":"category","embeddable":true,"href":"https:\/\/www.sekundomer.ee\/et\/wp-json\/wp\/v2\/categories?post=121340"},{"taxonomy":"post_tag","embeddable":true,"href":"https:\/\/www.sekundomer.ee\/et\/wp-json\/wp\/v2\/tags?post=121340"}],"curies":[{"name":"wp","href":"https:\/\/api.w.org\/{rel}","templated":true}]}}