{"id":121640,"date":"2021-02-28T18:13:37","date_gmt":"2021-02-28T16:13:37","guid":{"rendered":"https:\/\/www.sekundomer.ee\/?p=121640"},"modified":"2021-02-28T18:13:37","modified_gmt":"2021-02-28T16:13:37","slug":"obertilliach-kristo-siimer-sai-individuaaldistantsil-23-koha","status":"publish","type":"post","link":"https:\/\/www.sekundomer.ee\/et\/uudised\/obertilliach-kristo-siimer-sai-individuaaldistantsil-23-koha\/","title":{"rendered":"Obertilliach: Kristo Siimer sai individuaaldistantsil 23. koha"},"content":{"rendered":"<p>P\u00fchap\u00e4eval, 28. veebruaril selgusid Austrias juunioride individuaaldistantsi maailmameistrid.<\/p>\n<p>Kristo Siimer s\u00f5itis meesjuunioride 15 km individuaaldistantsil v\u00e4lja 23. koha. Siimer eksis nelja lasketiiru peale kokku neljal korral (1+1+1+1) ja kaotas esikohale kolme minuti ja 18,6 sekundiga.<\/p>\n<p>Robert Heldna sai 29. (0+1+2+0; +3:45.1), Marten Aolaid 35. (1+0+0+2; +4:02.0) ja Mart V\u0161ivtsev 36. koha (1+0+0+1; +4:07.9).<\/p>\n<p>Sofija Balabanova tuli naisjuunioride 12,5 km individuaaldistantsil 73. kohale (1+1+2+2; +9:50.8).<\/p>\n<p><em>biatlon.ee<\/em><\/p>\n","protected":false},"excerpt":{"rendered":"<p>P\u00fchap\u00e4eval, 28. veebruaril selgusid Austrias juunioride individuaaldistantsi maailmameistrid. Kristo Siimer s\u00f5itis meesjuunioride 15 km individuaaldistantsil v\u00e4lja 23. koha. Siimer eksis nelja lasketiiru peale kokku neljal korral (1+1+1+1) ja kaotas esikohale kolme minuti ja 18,6 sekundiga. Robert Heldna sai 29. (0+1+2+0; +3:45.1), Marten Aolaid 35. (1+0+0+2; +4:02.0) ja Mart V\u0161ivtsev 36. koha (1+0+0+1; +4:07.9). Sofija Balabanova [&hellip;]<\/p>\n","protected":false},"author":80,"featured_media":121628,"comment_status":"open","ping_status":"open","sticky":false,"template":"","format":"standard","meta":{"_seopress_robots_primary_cat":"none","_seopress_titles_title":"","_seopress_titles_desc":"","_seopress_robots_index":"","footnotes":""},"categories":[194,142],"tags":[470],"class_list":{"0":"post-121640","1":"post","2":"type-post","3":"status-publish","4":"format-standard","5":"has-post-thumbnail","7":"category-laskesuusatamine","8":"category-uudised","9":"tag-kristo-siimer"},"_links":{"self":[{"href":"https:\/\/www.sekundomer.ee\/et\/wp-json\/wp\/v2\/posts\/121640","targetHints":{"allow":["GET"]}}],"collection":[{"href":"https:\/\/www.sekundomer.ee\/et\/wp-json\/wp\/v2\/posts"}],"about":[{"href":"https:\/\/www.sekundomer.ee\/et\/wp-json\/wp\/v2\/types\/post"}],"author":[{"embeddable":true,"href":"https:\/\/www.sekundomer.ee\/et\/wp-json\/wp\/v2\/users\/80"}],"replies":[{"embeddable":true,"href":"https:\/\/www.sekundomer.ee\/et\/wp-json\/wp\/v2\/comments?post=121640"}],"version-history":[{"count":0,"href":"https:\/\/www.sekundomer.ee\/et\/wp-json\/wp\/v2\/posts\/121640\/revisions"}],"wp:featuredmedia":[{"embeddable":true,"href":"https:\/\/www.sekundomer.ee\/et\/wp-json\/wp\/v2\/media\/121628"}],"wp:attachment":[{"href":"https:\/\/www.sekundomer.ee\/et\/wp-json\/wp\/v2\/media?parent=121640"}],"wp:term":[{"taxonomy":"category","embeddable":true,"href":"https:\/\/www.sekundomer.ee\/et\/wp-json\/wp\/v2\/categories?post=121640"},{"taxonomy":"post_tag","embeddable":true,"href":"https:\/\/www.sekundomer.ee\/et\/wp-json\/wp\/v2\/tags?post=121640"}],"curies":[{"name":"wp","href":"https:\/\/api.w.org\/{rel}","templated":true}]}}