{"id":122606,"date":"2021-03-25T10:20:47","date_gmt":"2021-03-25T08:20:47","guid":{"rendered":"https:\/\/www.sekundomer.ee\/?p=122606"},"modified":"2021-03-25T10:20:47","modified_gmt":"2021-03-25T08:20:47","slug":"jalgpall-meeste-koondisega-liitub-valgevenes-veel-neli-mangijat","status":"publish","type":"post","link":"https:\/\/www.sekundomer.ee\/et\/uudised\/jalgpall-meeste-koondisega-liitub-valgevenes-veel-neli-mangijat\/","title":{"rendered":"Jalgpall: Meeste koondisega liitub Valgevenes veel neli m\u00e4ngijat"},"content":{"rendered":"<p>Meeste koondisega liituvad eelseisvateks m\u00e4ngudeks Valgevene ja Rootsiga v\u00e4ravavaht Matvei Igonen ning kaitsem\u00e4ngijad M\u00e4rten Kuusk, Martin K\u00e4os ja Kristo Hussar.<br \/>\nKokku kuulub koondisse n\u00fc\u00fcd 27 m\u00e4ngijat, kellest seitsmel on v\u00f5imalik teha eelseisvas kohtumises Valgevenega meeste koondise deb\u00fc\u00fct. Nende sekka kuuluvad ka neljap\u00e4eval Minskisse s\u00f5itvad K\u00e4os ja Hussar.<\/p>\n<p>Eesti koondist ootab 27. m\u00e4rtsil kell 19 ees MM-valikm\u00e4ng Valgevenega Minskis. Maav\u00f5istluses Rootsiga k\u00f5lab avavile 31. m\u00e4rtsil kell 18.45.<\/p>\n<p>Eesti koondise koosseis<br \/>\n<strong>V\u00e4ravavahid<\/strong><br \/>\nMihkel Aksalu (07.11.1984) \u2013 Paide Linnameeskond 46\/0<br \/>\nMatvei Igonen (02.10.1996) \u2013 Tallinna FC Flora 4\/0<br \/>\nKarl Andre Vallner (28.02.1998) \u2013 Tallinna FCI Levadia 0\/0<br \/>\nKarl Johan Pechter (02.03.1996) \u2013 Tartu JK Tammeka 0\/0<br \/>\n<strong>Kaitsjad<\/strong><br \/>\nIlja Antonov (05.12.1992) \u2013 Tallinna FCI Levadia 52\/2<br \/>\nMichael Lilander (20.06.1997) \u2013 Tallinna FC Flora 8\/0<br \/>\nM\u00e4rten Kuusk (05.04.1996) \u2013 Tallinna FC Flora 6\/0<br \/>\nMarek Kaljum\u00e4e (18.02.1991) \u2013 P\u00e4rnu JK Vaprus 5\/0<br \/>\nHenrik P\u00fcrg (03.06.1996) \u2013 Tallinna FC Flora 4\/0<br \/>\nMaksim Paskot\u0161i (19.01.2003) \u2013 Tottenham Hotspur (ENG) 1\/0<br \/>\nMagnus Villota (11.02.1998) \u2013 P\u00e4rnu JK Vaprus 0\/0<br \/>\nM\u00e4rten Subka (10.05.2002) \u2013 Tallinna FC Flora 0\/0<br \/>\nMartin Kase (02.09.1993) \u2013 Paide Linnameeskond 0\/0<br \/>\nKristo Hussar (28.06.2002) \u2013 Tallinna FC Flora 0\/0<br \/>\nMartin K\u00e4os (18.06.1998) \u2013 JK Narva Trans 0\/0<br \/>\n<strong>Poolkaitsjad ja r\u00fcndajad<\/strong><br \/>\nKonstantin Vassiljev (16.08.1984) \u2013 Tallinna FC Flora 126\/25<br \/>\nSander Puri (07.05.1988) \u2013 Tallinna JK Legion 79\/4<br \/>\nHenri Anier (17.12.1990) \u2013 Paide Linnameeskond 66\/14<br \/>\nRauno Sappinen (23.01.1996) \u2013 Tallinna FC Flora 33\/7<br \/>\nRauno Alliku (02.03.1990) \u2013 Tallinna FC Flora 9\/0<br \/>\nMark Oliver Roosnupp (12.05.1997) \u2013 Tallinna FCI Levadia 9\/0<br \/>\nAndre Frolov (18.04.1988) \u2013 Paide Linnameeskond 5\/0<br \/>\nMarkus Poom (27.02.1999) \u2013 Tallinna FC Flora 3\/0<br \/>\nPavel D\u00f5mov (31.12.1993) \u2013 Tallinna JK Legion 2\/0<br \/>\nRobert Kirss (03.09.1994) \u2013 Tallinna FCI Levadia 2\/0<br \/>\nBogdan Va\u0161t\u0161uk (04.10.1995) \u2013 Tallinna FCI Levadia 1\/0<br \/>\nKarl Rudolf \u00d5igus (05.11.1998) \u2013 Tallinna FCI Levadia 1\/0<br \/>\nPeatreener: Martin Reim<\/p>\n<p><em>EJLi pressiteenistus<\/em><\/p>\n","protected":false},"excerpt":{"rendered":"<p>Meeste koondisega liituvad eelseisvateks m\u00e4ngudeks Valgevene ja Rootsiga v\u00e4ravavaht Matvei Igonen ning kaitsem\u00e4ngijad M\u00e4rten Kuusk, Martin K\u00e4os ja Kristo Hussar. Kokku kuulub koondisse n\u00fc\u00fcd 27 m\u00e4ngijat, kellest seitsmel on v\u00f5imalik teha eelseisvas kohtumises Valgevenega meeste koondise deb\u00fc\u00fct. Nende sekka kuuluvad ka neljap\u00e4eval Minskisse s\u00f5itvad K\u00e4os ja Hussar. Eesti koondist ootab 27. m\u00e4rtsil kell 19 ees [&hellip;]<\/p>\n","protected":false},"author":80,"featured_media":111636,"comment_status":"open","ping_status":"open","sticky":false,"template":"","format":"standard","meta":{"_seopress_robots_primary_cat":"none","_seopress_titles_title":"","_seopress_titles_desc":"","_seopress_robots_index":"","footnotes":""},"categories":[203,142],"tags":[],"class_list":{"0":"post-122606","1":"post","2":"type-post","3":"status-publish","4":"format-standard","5":"has-post-thumbnail","7":"category-jalgpall","8":"category-uudised"},"_links":{"self":[{"href":"https:\/\/www.sekundomer.ee\/et\/wp-json\/wp\/v2\/posts\/122606","targetHints":{"allow":["GET"]}}],"collection":[{"href":"https:\/\/www.sekundomer.ee\/et\/wp-json\/wp\/v2\/posts"}],"about":[{"href":"https:\/\/www.sekundomer.ee\/et\/wp-json\/wp\/v2\/types\/post"}],"author":[{"embeddable":true,"href":"https:\/\/www.sekundomer.ee\/et\/wp-json\/wp\/v2\/users\/80"}],"replies":[{"embeddable":true,"href":"https:\/\/www.sekundomer.ee\/et\/wp-json\/wp\/v2\/comments?post=122606"}],"version-history":[{"count":0,"href":"https:\/\/www.sekundomer.ee\/et\/wp-json\/wp\/v2\/posts\/122606\/revisions"}],"wp:featuredmedia":[{"embeddable":true,"href":"https:\/\/www.sekundomer.ee\/et\/wp-json\/wp\/v2\/media\/111636"}],"wp:attachment":[{"href":"https:\/\/www.sekundomer.ee\/et\/wp-json\/wp\/v2\/media?parent=122606"}],"wp:term":[{"taxonomy":"category","embeddable":true,"href":"https:\/\/www.sekundomer.ee\/et\/wp-json\/wp\/v2\/categories?post=122606"},{"taxonomy":"post_tag","embeddable":true,"href":"https:\/\/www.sekundomer.ee\/et\/wp-json\/wp\/v2\/tags?post=122606"}],"curies":[{"name":"wp","href":"https:\/\/api.w.org\/{rel}","templated":true}]}}