{"id":124932,"date":"2021-05-23T23:08:18","date_gmt":"2021-05-23T20:08:18","guid":{"rendered":"https:\/\/www.sekundomer.ee\/?p=124932"},"modified":"2021-05-23T23:08:18","modified_gmt":"2021-05-23T20:08:18","slug":"kergejoustik-vorus-loppesid-balti-u16-u18-u20-voistkondlikud-meistrivoistlused-mitmevoistluses","status":"publish","type":"post","link":"https:\/\/www.sekundomer.ee\/et\/uudised\/kergejoustik-vorus-loppesid-balti-u16-u18-u20-voistkondlikud-meistrivoistlused-mitmevoistluses\/","title":{"rendered":"Kergej\u00f5ustik: V\u00f5rus l\u00f5ppesid Balti U16, U18, U20 v\u00f5istkondlikud meistriv\u00f5istlused mitmev\u00f5istluses"},"content":{"rendered":"<p>Teist p\u00e4eva Balti U16, U18, U20 v\u00f5istkondlikel meistriv\u00f5istlustel mitmev\u00f5istluses alustas Savva Novikov (pildil) U16 vanuseklassis h\u00e4sti, v\u00f5ites 110 m t\u00f5kkejooksu isikliku rekordiga ja oli ka peale seitset ala veel juhtimas. Viimased kolm ala aga nii h\u00e4sti ei \u00f5nnestunud kuigi odaviskes p\u00fcstitas samuti isikliku rekordi ja loovutas esikoha teisele Eesti koondise v\u00f5istlejale Martin Trummile. Ka kolmas koht selles vanuseklassis kuulus Eesti v\u00f5istlejale.<\/p>\n<p><em>sportiv.ee<\/em><\/p>\n","protected":false},"excerpt":{"rendered":"<p>Teist p\u00e4eva Balti U16, U18, U20 v\u00f5istkondlikel meistriv\u00f5istlustel mitmev\u00f5istluses alustas Savva Novikov (pildil) U16 vanuseklassis h\u00e4sti, v\u00f5ites 110 m t\u00f5kkejooksu isikliku rekordiga ja oli ka peale seitset ala veel juhtimas. Viimased kolm ala aga nii h\u00e4sti ei \u00f5nnestunud kuigi odaviskes p\u00fcstitas samuti isikliku rekordi ja loovutas esikoha teisele Eesti koondise v\u00f5istlejale Martin Trummile. Ka kolmas [&hellip;]<\/p>\n","protected":false},"author":80,"featured_media":124934,"comment_status":"open","ping_status":"open","sticky":false,"template":"","format":"standard","meta":{"_seopress_robots_primary_cat":"none","_seopress_titles_title":"","_seopress_titles_desc":"","_seopress_robots_index":"","footnotes":""},"categories":[201,142],"tags":[319],"class_list":{"0":"post-124932","1":"post","2":"type-post","3":"status-publish","4":"format-standard","5":"has-post-thumbnail","7":"category-kergejoustik","8":"category-uudised","9":"tag-savva-novikov-et"},"_links":{"self":[{"href":"https:\/\/www.sekundomer.ee\/et\/wp-json\/wp\/v2\/posts\/124932","targetHints":{"allow":["GET"]}}],"collection":[{"href":"https:\/\/www.sekundomer.ee\/et\/wp-json\/wp\/v2\/posts"}],"about":[{"href":"https:\/\/www.sekundomer.ee\/et\/wp-json\/wp\/v2\/types\/post"}],"author":[{"embeddable":true,"href":"https:\/\/www.sekundomer.ee\/et\/wp-json\/wp\/v2\/users\/80"}],"replies":[{"embeddable":true,"href":"https:\/\/www.sekundomer.ee\/et\/wp-json\/wp\/v2\/comments?post=124932"}],"version-history":[{"count":0,"href":"https:\/\/www.sekundomer.ee\/et\/wp-json\/wp\/v2\/posts\/124932\/revisions"}],"wp:featuredmedia":[{"embeddable":true,"href":"https:\/\/www.sekundomer.ee\/et\/wp-json\/wp\/v2\/media\/124934"}],"wp:attachment":[{"href":"https:\/\/www.sekundomer.ee\/et\/wp-json\/wp\/v2\/media?parent=124932"}],"wp:term":[{"taxonomy":"category","embeddable":true,"href":"https:\/\/www.sekundomer.ee\/et\/wp-json\/wp\/v2\/categories?post=124932"},{"taxonomy":"post_tag","embeddable":true,"href":"https:\/\/www.sekundomer.ee\/et\/wp-json\/wp\/v2\/tags?post=124932"}],"curies":[{"name":"wp","href":"https:\/\/api.w.org\/{rel}","templated":true}]}}