{"id":125643,"date":"2021-06-10T10:17:13","date_gmt":"2021-06-10T07:17:13","guid":{"rendered":"https:\/\/www.sekundomer.ee\/?p=125643"},"modified":"2021-06-10T10:17:13","modified_gmt":"2021-06-10T07:17:13","slug":"kahju-magnus-kirt-tokyo-olumpiamangudel-ei-osale","status":"publish","type":"post","link":"https:\/\/www.sekundomer.ee\/et\/uudised\/kahju-magnus-kirt-tokyo-olumpiamangudel-ei-osale\/","title":{"rendered":"Kahju! Magnus Kirt Tokyo ol\u00fcmpiam\u00e4ngudel ei osale"},"content":{"rendered":"<p style=\"font-weight: 400;\">Magnus Kirt ja tema meeskond tegid sel n\u00e4dalal raske otsuse loobuda Tokyo ol\u00fcmpiam\u00e4ngude osalemisest. Doha MM-il saadud \u00f5latrauma ravi kulges k\u00fcll plaanip\u00e4raselt, kuid detsembris saadud t\u00f5sine jalavigastus ei luba enne m\u00e4nge korralikult treenida.<\/p>\n<p style=\"font-weight: 400;\">Tegemist on kandluu eesosa v\u00e4simusmurruga, mille paranemisaeg on reeglina 6 kuni 8 kuud. Kahjuks viimase uuringu alusel ei saa \u00f6elda, et murd oleks l\u00f5plikult paranenud ja v\u00f5iks alustada t\u00e4iskoormusega treeningut.<\/p>\n<p style=\"font-weight: 400;\">Arstide s\u00f5nul peab Magnus veel v\u00e4hemalt neli n\u00e4dalat jalale t\u00e4ielikku puhkust andma, seega ei saa ta oda visata.\u201c Sellises seisus ol\u00fcmpiale minek ei oleks midagi muud, kui lihtsalt osalemine. Ma pole ka ju poolteist aastat v\u00f5istelda saanud. \u201c \u00fctles Magnus. \u201eSportlase seisukohalt vaadates on ol\u00fcmpiast loobumine \u00fcks raskemaid otsuseid elus, kuid valikuid ei ole. See aga ei t\u00e4henda, et loobuksin, treenitud on palju ja loodan, et saan veel sel aastal v\u00f5istelda, sest f\u00fc\u00fcsiline vorm on hea&#8221;.<\/p>\n<p style=\"font-weight: 400;\">Kui ravi kulgeb plaanip\u00e4raselt, saaks odaviskaja esimesed v\u00f5istlused teha augusti teises pooles, eesm\u00e4rgiga saada v\u00f5imalikult tugev p\u00f5hi j\u00e4rgmiste aastate suurv\u00f5istlusteks.<\/p>\n<p style=\"font-weight: 400;\">Magnus Kirti meeskond on t\u00e4nulik toetajatele ja f\u00e4nnidele, \u00fcmbritsevate abi on olnud suurim abi raske vigastuseaja l\u00e4bimisel.<\/p>\n<p><em>Pressiteade<\/em><\/p>\n","protected":false},"excerpt":{"rendered":"<p>Magnus Kirt ja tema meeskond tegid sel n\u00e4dalal raske otsuse loobuda Tokyo ol\u00fcmpiam\u00e4ngude osalemisest. Doha MM-il saadud \u00f5latrauma ravi kulges k\u00fcll plaanip\u00e4raselt, kuid detsembris saadud t\u00f5sine jalavigastus ei luba enne m\u00e4nge korralikult treenida. Tegemist on kandluu eesosa v\u00e4simusmurruga, mille paranemisaeg on reeglina 6 kuni 8 kuud. Kahjuks viimase uuringu alusel ei saa \u00f6elda, et murd [&hellip;]<\/p>\n","protected":false},"author":80,"featured_media":125646,"comment_status":"open","ping_status":"open","sticky":false,"template":"","format":"standard","meta":{"_seopress_robots_primary_cat":"none","_seopress_titles_title":"","_seopress_titles_desc":"","_seopress_robots_index":"","footnotes":""},"categories":[201,142],"tags":[577],"class_list":{"0":"post-125643","1":"post","2":"type-post","3":"status-publish","4":"format-standard","5":"has-post-thumbnail","7":"category-kergejoustik","8":"category-uudised","9":"tag-magnus-kirt"},"_links":{"self":[{"href":"https:\/\/www.sekundomer.ee\/et\/wp-json\/wp\/v2\/posts\/125643","targetHints":{"allow":["GET"]}}],"collection":[{"href":"https:\/\/www.sekundomer.ee\/et\/wp-json\/wp\/v2\/posts"}],"about":[{"href":"https:\/\/www.sekundomer.ee\/et\/wp-json\/wp\/v2\/types\/post"}],"author":[{"embeddable":true,"href":"https:\/\/www.sekundomer.ee\/et\/wp-json\/wp\/v2\/users\/80"}],"replies":[{"embeddable":true,"href":"https:\/\/www.sekundomer.ee\/et\/wp-json\/wp\/v2\/comments?post=125643"}],"version-history":[{"count":0,"href":"https:\/\/www.sekundomer.ee\/et\/wp-json\/wp\/v2\/posts\/125643\/revisions"}],"wp:featuredmedia":[{"embeddable":true,"href":"https:\/\/www.sekundomer.ee\/et\/wp-json\/wp\/v2\/media\/125646"}],"wp:attachment":[{"href":"https:\/\/www.sekundomer.ee\/et\/wp-json\/wp\/v2\/media?parent=125643"}],"wp:term":[{"taxonomy":"category","embeddable":true,"href":"https:\/\/www.sekundomer.ee\/et\/wp-json\/wp\/v2\/categories?post=125643"},{"taxonomy":"post_tag","embeddable":true,"href":"https:\/\/www.sekundomer.ee\/et\/wp-json\/wp\/v2\/tags?post=125643"}],"curies":[{"name":"wp","href":"https:\/\/api.w.org\/{rel}","templated":true}]}}