{"id":126915,"date":"2021-07-02T12:01:59","date_gmt":"2021-07-02T09:01:59","guid":{"rendered":"https:\/\/www.sekundomer.ee\/?p=126915"},"modified":"2021-07-02T12:01:59","modified_gmt":"2021-07-02T09:01:59","slug":"eok-kinnitas-tokyo-olumpiamangude-koondise","status":"publish","type":"post","link":"https:\/\/www.sekundomer.ee\/et\/uudised\/eok-kinnitas-tokyo-olumpiamangude-koondise\/","title":{"rendered":"EOK kinnitas Tokyo ol\u00fcmpiam\u00e4ngude koondise"},"content":{"rendered":"<p style=\"font-weight: 400;\">Eesti Ol\u00fcmpiakomitee T\u00e4itevkomitee kinnitas t\u00e4na e-koosolekul Eesti koondise Tokyo ol\u00fcmpiam\u00e4ngudeks. Kinnitatud koondisse kuulub 33 sportlast 14 spordialalt ja 48 liikmeline tugipersonali koosseis.<\/p>\n<p style=\"font-weight: 400;\">EOK president Urmas S\u00f5\u00f5rumaa\u00a0v\u00e4ljendas heameelt tugeva ja mitmek\u00fclgse koondise \u00fcle. \u201eT\u00e4na on selge, et aasta v\u00f5rra edasi l\u00fckatud ol\u00fcmpiam\u00e4ngud toimuvad ning mul on hea meel, et EOK l\u00e4hetab ol\u00fcmpiam\u00e4ngudele koondise, kus on nii deb\u00fctante kui v\u00e4ga kogenud tegijaid. T\u00e4nan k\u00f5iki sportlasi, nende treenereid ja taustaj\u00f5ude, kes ei lasknud eelmisel aastal pead norgu, vaid leidsid nii vaimset kui f\u00fc\u00fcsilist j\u00f5udu, et elu \u00fcheks t\u00e4htsamaks v\u00f5istluseks professionaalselt valmistuda,\u201c r\u00e4\u00e4kis S\u00f5\u00f5rumaa.<\/p>\n<p style=\"font-weight: 400;\">\u201eEelk\u00f5ige ootame meie sportlastelt Tokyos oma hetkev\u00f5imete maksimaalset realiseerimist. Kui \u00f5nnestunud pingutust kroonib ka k\u00f5rge koht v\u00f5istluse protokollis siis saavad meie ootuste k\u00f5rval t\u00e4idetud ka meie lootused. Soovin Eesti ol\u00fcmpiakoondisele veelkord edu ja palju \u00f5nnestumisi Tokyos,\u201c \u00fctles EOK president.<\/p>\n<p style=\"font-weight: 400;\">Tokyo m\u00e4ngudega seonduvatest viimastest ettevalmistustest t\u00f5i Raju v\u00e4lja, et reeglid karmistuvad j\u00e4rk-j\u00e4rgult veelgi. \u201eOleme valmis selleks, et vastavalt olukorrale v\u00f5ib kahe n\u00e4dala jooksul veel palju muutuda. T\u00e4nase seisuga testitakse sportlasi kindlasti alates lennujaama saabumisel kuni ol\u00fcmpiak\u00fclast lahkumiseni iga p\u00e4ev, korraldajad on kinnitatud, et annavad endast k\u00f5ik, et ol\u00fcmpiam\u00e4ngud turvaliselt peetud saaksid,\u201c selgitas Raju.<\/p>\n<p style=\"font-weight: 400;\">EOK T\u00e4itevkomitee poolt kinnitatud Eesti koondis 2020. a Tokyo ol\u00fcmpiam\u00e4ngudeks:<\/p>\n<p style=\"font-weight: 400;\"><strong>Jalgrattasport: <\/strong>Tanel Kangert, Peeter Pruus, Janika L\u00f5iv<\/p>\n<p style=\"font-weight: 400;\"><strong>Judo: <\/strong>Grigori Mina\u0161kin<\/p>\n<p style=\"font-weight: 400;\"><strong>Kergej\u00f5ustik: <\/strong>Ksenija Balta, Roman Fosti, Tiidrek Nurme, Rasmus M\u00e4gi, Maicel Uibo, Johannes Erm, Karel Tilga<\/p>\n<p style=\"font-weight: 400;\"><strong>Laskmine: <\/strong>Peeter Olesk<\/p>\n<p style=\"font-weight: 400;\"><strong>Maadlus: <\/strong>Epp M\u00e4e, Artur Vititin<\/p>\n<p style=\"font-weight: 400;\"><strong>Purjetamine: <\/strong>Ingrid Puusta, Karl-Martin Rammo<\/p>\n<p style=\"font-weight: 400;\"><strong>Ratsutamine: <\/strong>Dina Ellermann<\/p>\n<p style=\"font-weight: 400;\"><strong>Sulgpall: <\/strong>Kristin Kuuba, Raul Must<\/p>\n<p style=\"font-weight: 400;\"><strong>S\u00f5udmine: <\/strong>T\u00f5nu Endrekson, J\u00fcri-Mikk Udam, Allar Raja, Kaspar Taimsoo, Johann Poolak (varu)<\/p>\n<p style=\"font-weight: 400;\"><strong>Tennis: <\/strong>Anett Kontaveit<\/p>\n<p style=\"font-weight: 400;\"><strong>Triatlon: <\/strong>Kaidi Kivioja<\/p>\n<p style=\"font-weight: 400;\"><strong>Ujumine: <\/strong>Eneli Jefimova, Kregor Zirk<\/p>\n<p style=\"font-weight: 400;\"><strong>Vehklemine: <\/strong>Erika Kirpu, Julia Beljajeva, Katrina Lehis, Irina Embrich (varu)<\/p>\n<p style=\"font-weight: 400;\"><strong>Vibusport: <\/strong>Reena P\u00e4rnat<\/p>\n<p style=\"font-weight: 400;\">Taasiseseisvumise j\u00e4rgsel perioodil on senini Eesti suurim ol\u00fcmpiakoondis olnud\u00a0 2008 Pekingi ol\u00fcmpiam\u00e4ngudel, kuhu l\u00e4hetati 47 sportlast.<\/p>\n<p style=\"font-weight: 400;\"><strong>Eesti koondise suurused varasematel ol\u00fcmpiam\u00e4ngudel:<\/strong><\/p>\n<p style=\"font-weight: 400;\">1992 Barcelona \u2013 37 sportlast, 13 spordiala<br \/>\n1996 Atlanta \u2013 45 sportlast, 13 spordiala<br \/>\n2000 Sydney \u2013 33 sportlast, 11 spordiala<br \/>\n2004 Ateena \u2013 42 sportlast, 10 spordiala<br \/>\n2008 Peking \u2013 47 sportlast, 13 spordiala<br \/>\n2012 London \u2013 32 sportlast, 11 spordiala<br \/>\n2016 Rio de Janeiro \u2013 46 sportlast, 13 spordiala<\/p>\n<p style=\"font-weight: 400;\">Tokyo suveol\u00fcmpiam\u00e4ngud algavad 23. juulil ning kestavad 8. augustini. Eestis saab ol\u00fcmpia\u00fclekandeid n\u00e4ha Kanal 2, Kanal 12 ja Duo 7 vahendusel ning portaalis Postimees.ee. Eesti koondise kohta leiab informatsiooni aadressil <a href=\"https:\/\/www.eok.ee\/tokyo-2020\">https:\/\/www.eok.ee\/tokyo-2020<\/a>.<\/p>\n<p><em>Pressiteade EOK<\/em><\/p>\n<p style=\"font-weight: 400;\">\n","protected":false},"excerpt":{"rendered":"<p>Eesti Ol\u00fcmpiakomitee T\u00e4itevkomitee kinnitas t\u00e4na e-koosolekul Eesti koondise Tokyo ol\u00fcmpiam\u00e4ngudeks. Kinnitatud koondisse kuulub 33 sportlast 14 spordialalt ja 48 liikmeline tugipersonali koosseis. EOK president Urmas S\u00f5\u00f5rumaa\u00a0v\u00e4ljendas heameelt tugeva ja mitmek\u00fclgse koondise \u00fcle. \u201eT\u00e4na on selge, et aasta v\u00f5rra edasi l\u00fckatud ol\u00fcmpiam\u00e4ngud toimuvad ning mul on hea meel, et EOK l\u00e4hetab ol\u00fcmpiam\u00e4ngudele koondise, kus on nii [&hellip;]<\/p>\n","protected":false},"author":80,"featured_media":126917,"comment_status":"open","ping_status":"open","sticky":false,"template":"","format":"standard","meta":{"_seopress_robots_primary_cat":"none","_seopress_titles_title":"","_seopress_titles_desc":"","_seopress_robots_index":"","footnotes":""},"categories":[142],"tags":[],"class_list":{"0":"post-126915","1":"post","2":"type-post","3":"status-publish","4":"format-standard","5":"has-post-thumbnail","7":"category-uudised"},"_links":{"self":[{"href":"https:\/\/www.sekundomer.ee\/et\/wp-json\/wp\/v2\/posts\/126915","targetHints":{"allow":["GET"]}}],"collection":[{"href":"https:\/\/www.sekundomer.ee\/et\/wp-json\/wp\/v2\/posts"}],"about":[{"href":"https:\/\/www.sekundomer.ee\/et\/wp-json\/wp\/v2\/types\/post"}],"author":[{"embeddable":true,"href":"https:\/\/www.sekundomer.ee\/et\/wp-json\/wp\/v2\/users\/80"}],"replies":[{"embeddable":true,"href":"https:\/\/www.sekundomer.ee\/et\/wp-json\/wp\/v2\/comments?post=126915"}],"version-history":[{"count":0,"href":"https:\/\/www.sekundomer.ee\/et\/wp-json\/wp\/v2\/posts\/126915\/revisions"}],"wp:featuredmedia":[{"embeddable":true,"href":"https:\/\/www.sekundomer.ee\/et\/wp-json\/wp\/v2\/media\/126917"}],"wp:attachment":[{"href":"https:\/\/www.sekundomer.ee\/et\/wp-json\/wp\/v2\/media?parent=126915"}],"wp:term":[{"taxonomy":"category","embeddable":true,"href":"https:\/\/www.sekundomer.ee\/et\/wp-json\/wp\/v2\/categories?post=126915"},{"taxonomy":"post_tag","embeddable":true,"href":"https:\/\/www.sekundomer.ee\/et\/wp-json\/wp\/v2\/tags?post=126915"}],"curies":[{"name":"wp","href":"https:\/\/api.w.org\/{rel}","templated":true}]}}