{"id":127590,"date":"2021-07-21T09:26:03","date_gmt":"2021-07-21T06:26:03","guid":{"rendered":"https:\/\/www.sekundomer.ee\/?p=127590"},"modified":"2021-07-21T09:26:03","modified_gmt":"2021-07-21T06:26:03","slug":"eesti-lippu-kannavad-om-i-avatseremoonial-ellermann-ja-endrekson","status":"publish","type":"post","link":"https:\/\/www.sekundomer.ee\/et\/uudised\/eesti-lippu-kannavad-om-i-avatseremoonial-ellermann-ja-endrekson\/","title":{"rendered":"Eesti lippu kannavad OM-i avatseremoonial Ellermann ja Endrekson"},"content":{"rendered":"<p style=\"font-weight: 400;\">Eesti lippu kannavad 23. juulil toimuval XXXII ol\u00fcmpiam\u00e4ngude avatseremoonial Tokyos kaks ol\u00fcmpiasportlast, ratsutaja Dina Ellermann ja s\u00f5udja T\u00f5nu Endrekson.<\/p>\n<p style=\"font-weight: 400;\">Rahvusvahelise Ol\u00fcmpiakomitee reeglimuudatus lubab esimest korda ol\u00fcmpiam\u00e4ngude ajaloos \u00fche riigi lippu kanda mehel ja naisel korraga. EOK spordidirektori Martti Raju s\u00f5nul on see samm v\u00f5rd\u00f5iguslikkuse suunas. \u201eMitte kunagi varem pole ol\u00fcmpiam\u00e4ngudel esindatud olnud nii palju naissoost sportlasi \u2013 ROKi arvutuste kohaselt on see suisa 48,8 protsenti. Selle m\u00e4rgiks otsustati koondiste m\u00f5lemast soost sportlasel koos ka lippu kanda. Meie valik langes s\u00fcmboolselt koondise k\u00f5ige kogenenuma, Endreksoni ning Eesti spordiajalugu tegeva Ellermanni kasuks,\u201c selgitas Raju.<\/p>\n<p style=\"font-weight: 400;\">42-aastane Endrekson on kahekordne ol\u00fcmpiamedalist \u2013 2008. aastal v\u00f5itis ta Pekingis paarisaerulisel kahepaadil h\u00f5bemedali, 2016. aastal Rio de Janeiros paarisaerulisel neljapaadil pronksmedali. Tokyo on tema karj\u00e4\u00e4ri viies ol\u00fcmpia. Endreksoni s\u00f5nul on Eesti lipu kandmine v\u00e4ga suur au. \u201eLipukandmise au usaldatakse sportlasele tema tehtud teenete eest. Oma karj\u00e4\u00e4ri viimase ol\u00fcmpia eel on mul seda suurem hea meel, et saan l\u00f5puks ka avatseremoonial osaleda,\u201c \u00fctles ta.<\/p>\n<p style=\"font-weight: 400;\">40-aastane Ellermann teeb koos oma hobuse Donna Annaga ol\u00fcmpiam\u00e4ngude deb\u00fc\u00fcdi, seejuures on Eesti ratsutamine ajaloos esimest korda ol\u00fcmpiam\u00e4ngudel esindatud. \u201eSee on minu jaoks suur au tuua Eesti ratsutamine ol\u00fcmpiakaardile. Paljalt ol\u00fcmpiale p\u00e4\u00e4semiseks l\u00e4heb kolm ol\u00fcmpiats\u00fcklit, et kasvatada \u00fcles hobune ning temaga v\u00f5istelda. Ol\u00fcmpiam\u00e4ngudele j\u00f5udmine on juba v\u00f5it omaette ning seda enam on mul hea meel, et saan Eesti ratsakogukonna esindajana maailma suurimal spordis\u00fcndmusel lippu kanda,\u201c \u00fctles Ellermann.<\/p>\n<p style=\"font-weight: 400;\">XXXII suveol\u00fcmpiam\u00e4ngud peetakse Jaapani pealinnas Tokyos 23. juulist 8. augustini. Eesti koondist esindab 34 sportlast ja hobune, koondis kannab Nike v\u00f5istlusriideid ning Montoni vabaajariideid. Eesti koondise koosseisust, ajakavast ja tulemustest saab \u00fclevaate erilehel\u00a0<a href=\"http:\/\/www.eok.ee\/tokyo-2020\">www.eok.ee\/tokyo-2020<\/a><\/p>\n<p><em>Pressiteade<\/em><\/p>\n","protected":false},"excerpt":{"rendered":"<p>Eesti lippu kannavad 23. juulil toimuval XXXII ol\u00fcmpiam\u00e4ngude avatseremoonial Tokyos kaks ol\u00fcmpiasportlast, ratsutaja Dina Ellermann ja s\u00f5udja T\u00f5nu Endrekson. Rahvusvahelise Ol\u00fcmpiakomitee reeglimuudatus lubab esimest korda ol\u00fcmpiam\u00e4ngude ajaloos \u00fche riigi lippu kanda mehel ja naisel korraga. EOK spordidirektori Martti Raju s\u00f5nul on see samm v\u00f5rd\u00f5iguslikkuse suunas. \u201eMitte kunagi varem pole ol\u00fcmpiam\u00e4ngudel esindatud olnud nii palju naissoost [&hellip;]<\/p>\n","protected":false},"author":80,"featured_media":127592,"comment_status":"open","ping_status":"open","sticky":false,"template":"","format":"standard","meta":{"_seopress_robots_primary_cat":"none","_seopress_titles_title":"","_seopress_titles_desc":"","_seopress_robots_index":"","footnotes":""},"categories":[142],"tags":[],"class_list":{"0":"post-127590","1":"post","2":"type-post","3":"status-publish","4":"format-standard","5":"has-post-thumbnail","7":"category-uudised"},"_links":{"self":[{"href":"https:\/\/www.sekundomer.ee\/et\/wp-json\/wp\/v2\/posts\/127590","targetHints":{"allow":["GET"]}}],"collection":[{"href":"https:\/\/www.sekundomer.ee\/et\/wp-json\/wp\/v2\/posts"}],"about":[{"href":"https:\/\/www.sekundomer.ee\/et\/wp-json\/wp\/v2\/types\/post"}],"author":[{"embeddable":true,"href":"https:\/\/www.sekundomer.ee\/et\/wp-json\/wp\/v2\/users\/80"}],"replies":[{"embeddable":true,"href":"https:\/\/www.sekundomer.ee\/et\/wp-json\/wp\/v2\/comments?post=127590"}],"version-history":[{"count":0,"href":"https:\/\/www.sekundomer.ee\/et\/wp-json\/wp\/v2\/posts\/127590\/revisions"}],"wp:featuredmedia":[{"embeddable":true,"href":"https:\/\/www.sekundomer.ee\/et\/wp-json\/wp\/v2\/media\/127592"}],"wp:attachment":[{"href":"https:\/\/www.sekundomer.ee\/et\/wp-json\/wp\/v2\/media?parent=127590"}],"wp:term":[{"taxonomy":"category","embeddable":true,"href":"https:\/\/www.sekundomer.ee\/et\/wp-json\/wp\/v2\/categories?post=127590"},{"taxonomy":"post_tag","embeddable":true,"href":"https:\/\/www.sekundomer.ee\/et\/wp-json\/wp\/v2\/tags?post=127590"}],"curies":[{"name":"wp","href":"https:\/\/api.w.org\/{rel}","templated":true}]}}