{"id":127625,"date":"2021-07-22T13:56:10","date_gmt":"2021-07-22T10:56:10","guid":{"rendered":"https:\/\/www.sekundomer.ee\/?p=127625"},"modified":"2021-07-22T13:56:10","modified_gmt":"2021-07-22T10:56:10","slug":"vorkpall-suvevolle-on-selleks-aastaks-labi","status":"publish","type":"post","link":"https:\/\/www.sekundomer.ee\/et\/uudised\/vorkpall-suvevolle-on-selleks-aastaks-labi\/","title":{"rendered":"V\u00f5rkpall: Suvevolle on selleks aastaks l\u00e4bi"},"content":{"rendered":"<p>Suvevolle 8. etapi v\u00f5itis Karl Liiva v\u00f5istkond, kus lisaks temale m\u00e4ngisid veel J\u00fcrmo Rooma ja Toomas Stroo. Kui Karl Liiva v\u00f5it J\u00f5hvis oli juba enne viimast etappi selge, siis n\u00fc\u00fcd kindlustas ta kolmanda koha ka vabariigis. Talle j\u00e4rgnesid Juri Postnikov ja Indrek Ojasoo. Naistest sai J\u00f5hvis \u00fcldv\u00f5idu Tiia Klaas, j\u00e4rgnesid Mirjam Vinkler ja Carolin Mesi.<\/p>\n<p>Kui seitse etappi sai l\u00e4bi viidud l\u00f5\u00f5skava p\u00e4ikese k\u00e4es, siis viimasel etapil saime m\u00e4ngida ka vihmasajus, aga see ei heidutanud kedagi.<\/p>\n<div><em>sportiv.ee<\/em><\/div>\n","protected":false},"excerpt":{"rendered":"<p>Suvevolle 8. etapi v\u00f5itis Karl Liiva v\u00f5istkond, kus lisaks temale m\u00e4ngisid veel J\u00fcrmo Rooma ja Toomas Stroo. Kui Karl Liiva v\u00f5it J\u00f5hvis oli juba enne viimast etappi selge, siis n\u00fc\u00fcd kindlustas ta kolmanda koha ka vabariigis. Talle j\u00e4rgnesid Juri Postnikov ja Indrek Ojasoo. Naistest sai J\u00f5hvis \u00fcldv\u00f5idu Tiia Klaas, j\u00e4rgnesid Mirjam Vinkler ja Carolin Mesi. [&hellip;]<\/p>\n","protected":false},"author":80,"featured_media":127627,"comment_status":"open","ping_status":"open","sticky":false,"template":"","format":"standard","meta":{"_seopress_robots_primary_cat":"none","_seopress_titles_title":"","_seopress_titles_desc":"","_seopress_robots_index":"","footnotes":""},"categories":[142,151],"tags":[],"class_list":{"0":"post-127625","1":"post","2":"type-post","3":"status-publish","4":"format-standard","5":"has-post-thumbnail","7":"category-uudised","8":"category-vorkpall"},"_links":{"self":[{"href":"https:\/\/www.sekundomer.ee\/et\/wp-json\/wp\/v2\/posts\/127625","targetHints":{"allow":["GET"]}}],"collection":[{"href":"https:\/\/www.sekundomer.ee\/et\/wp-json\/wp\/v2\/posts"}],"about":[{"href":"https:\/\/www.sekundomer.ee\/et\/wp-json\/wp\/v2\/types\/post"}],"author":[{"embeddable":true,"href":"https:\/\/www.sekundomer.ee\/et\/wp-json\/wp\/v2\/users\/80"}],"replies":[{"embeddable":true,"href":"https:\/\/www.sekundomer.ee\/et\/wp-json\/wp\/v2\/comments?post=127625"}],"version-history":[{"count":0,"href":"https:\/\/www.sekundomer.ee\/et\/wp-json\/wp\/v2\/posts\/127625\/revisions"}],"wp:featuredmedia":[{"embeddable":true,"href":"https:\/\/www.sekundomer.ee\/et\/wp-json\/wp\/v2\/media\/127627"}],"wp:attachment":[{"href":"https:\/\/www.sekundomer.ee\/et\/wp-json\/wp\/v2\/media?parent=127625"}],"wp:term":[{"taxonomy":"category","embeddable":true,"href":"https:\/\/www.sekundomer.ee\/et\/wp-json\/wp\/v2\/categories?post=127625"},{"taxonomy":"post_tag","embeddable":true,"href":"https:\/\/www.sekundomer.ee\/et\/wp-json\/wp\/v2\/tags?post=127625"}],"curies":[{"name":"wp","href":"https:\/\/api.w.org\/{rel}","templated":true}]}}