{"id":128959,"date":"2021-08-25T11:39:48","date_gmt":"2021-08-25T08:39:48","guid":{"rendered":"https:\/\/www.sekundomer.ee\/?p=128959"},"modified":"2021-08-25T11:39:48","modified_gmt":"2021-08-25T08:39:48","slug":"emely-raud-u15-em-pronks","status":"publish","type":"post","link":"https:\/\/www.sekundomer.ee\/et\/uudised\/emely-raud-u15-em-pronks\/","title":{"rendered":"Emely Raud &#8211; U15 EM pronks!"},"content":{"rendered":"<div class=\"kvgmc6g5 cxmmr5t8 oygrvhab hcukyx3x c1et5uql ii04i59q\">\n<div dir=\"auto\"><\/div>\n<\/div>\n<div class=\"o9v6fnle cxmmr5t8 oygrvhab hcukyx3x c1et5uql ii04i59q\">\n<div dir=\"auto\">SK Edu sportlane Emely Raud v\u00f5itis Poolas toimuvatel Euroopa noorte meistriv\u00f5istlustel kehakaalus -76 kg kolmanda koha!<\/div>\n<div dir=\"auto\">\nRebimise tulemus 57 kg t\u00f5i pronksmedali. V\u00e4ga huvitava l\u00f5pplahenduse pakkus t\u00f5ukamine, kus eestlannal \u00f5nnestus v\u00f5ita h\u00f5bemedal 79 kg-ga. Kogusumma 136 kg andis kokkuv\u00f5ttes kolmanda koha!<\/div>\n<\/div>\n<div dir=\"auto\"><\/div>\n<div dir=\"auto\"><em>Eesti T\u00f5stesport<\/em><\/div>\n","protected":false},"excerpt":{"rendered":"<p>SK Edu sportlane Emely Raud v\u00f5itis Poolas toimuvatel Euroopa noorte meistriv\u00f5istlustel kehakaalus -76 kg kolmanda koha! Rebimise tulemus 57 kg t\u00f5i pronksmedali. V\u00e4ga huvitava l\u00f5pplahenduse pakkus t\u00f5ukamine, kus eestlannal \u00f5nnestus v\u00f5ita h\u00f5bemedal 79 kg-ga. Kogusumma 136 kg andis kokkuv\u00f5ttes kolmanda koha! Eesti T\u00f5stesport<\/p>\n","protected":false},"author":80,"featured_media":128961,"comment_status":"open","ping_status":"open","sticky":false,"template":"","format":"standard","meta":{"_seopress_robots_primary_cat":"none","_seopress_titles_title":"","_seopress_titles_desc":"","_seopress_robots_index":"","footnotes":""},"categories":[142,182],"tags":[624],"class_list":{"0":"post-128959","1":"post","2":"type-post","3":"status-publish","4":"format-standard","5":"has-post-thumbnail","7":"category-uudised","8":"category-tostmine","9":"tag-emely-raud"},"_links":{"self":[{"href":"https:\/\/www.sekundomer.ee\/et\/wp-json\/wp\/v2\/posts\/128959","targetHints":{"allow":["GET"]}}],"collection":[{"href":"https:\/\/www.sekundomer.ee\/et\/wp-json\/wp\/v2\/posts"}],"about":[{"href":"https:\/\/www.sekundomer.ee\/et\/wp-json\/wp\/v2\/types\/post"}],"author":[{"embeddable":true,"href":"https:\/\/www.sekundomer.ee\/et\/wp-json\/wp\/v2\/users\/80"}],"replies":[{"embeddable":true,"href":"https:\/\/www.sekundomer.ee\/et\/wp-json\/wp\/v2\/comments?post=128959"}],"version-history":[{"count":0,"href":"https:\/\/www.sekundomer.ee\/et\/wp-json\/wp\/v2\/posts\/128959\/revisions"}],"wp:featuredmedia":[{"embeddable":true,"href":"https:\/\/www.sekundomer.ee\/et\/wp-json\/wp\/v2\/media\/128961"}],"wp:attachment":[{"href":"https:\/\/www.sekundomer.ee\/et\/wp-json\/wp\/v2\/media?parent=128959"}],"wp:term":[{"taxonomy":"category","embeddable":true,"href":"https:\/\/www.sekundomer.ee\/et\/wp-json\/wp\/v2\/categories?post=128959"},{"taxonomy":"post_tag","embeddable":true,"href":"https:\/\/www.sekundomer.ee\/et\/wp-json\/wp\/v2\/tags?post=128959"}],"curies":[{"name":"wp","href":"https:\/\/api.w.org\/{rel}","templated":true}]}}