{"id":129132,"date":"2021-08-28T13:25:29","date_gmt":"2021-08-28T10:25:29","guid":{"rendered":"https:\/\/www.sekundomer.ee\/?p=129132"},"modified":"2021-08-28T13:25:29","modified_gmt":"2021-08-28T10:25:29","slug":"flora-alustab-alagrupiturniiri-kodus-genti-vastu","status":"publish","type":"post","link":"https:\/\/www.sekundomer.ee\/et\/uudised\/flora-alustab-alagrupiturniiri-kodus-genti-vastu\/","title":{"rendered":"Flora alustab alagrupiturniiri kodus Genti vastu"},"content":{"rendered":"<p>FC Flora alustab UEFA Konverentsiliiga alagrupiturniiri 16. septembril kell 22 kodusel A. Le Coq Arenal Belgia klubi KAA Gent vastu.<\/p>\n<p>UEFA avaldas t\u00e4na kogu UEFA Konverentsiliiga alagrupiturniiri kalendri. FC Flora m\u00e4ngugraafik (k\u00f5ik algusajad Eesti aja j\u00e4rgi):<\/p>\n<p>16.09.2021 kell 22.00 FC Flora &#8211; KAA Gent, A. Le Coq Arena<br \/>\n30.09.2021 kell 19.45 FK Partizan &#8211; FC Flora<br \/>\n21.10.2021 kell 19.45 Anorthosis Famagusta &#8211; FC Flora<br \/>\n04.11.2021 kell 22.00 FC Flora &#8211; Anorthosis Famagusta, A. Le Coq Arena<br \/>\n25.11.2021 kell 22.00 FC Flora &#8211; FK Partizan, A. Le Coq Arena<br \/>\n09.12.2021 kell 19.45 KAA Gent &#8211; FC Flora<\/p>\n<p>UEFA teatas \u00fchtlasi, et annab j\u00e4rgnevatel p\u00e4evadel infot selle kohta, kas UEFA klubiv\u00f5istlustel lubatakse staadionile ka k\u00fclalisv\u00f5istkonna poolehoidjad.<\/p>\n<p><em>EJLi pressiteenistus<\/em><\/p>\n","protected":false},"excerpt":{"rendered":"<p>FC Flora alustab UEFA Konverentsiliiga alagrupiturniiri 16. septembril kell 22 kodusel A. Le Coq Arenal Belgia klubi KAA Gent vastu. UEFA avaldas t\u00e4na kogu UEFA Konverentsiliiga alagrupiturniiri kalendri. FC Flora m\u00e4ngugraafik (k\u00f5ik algusajad Eesti aja j\u00e4rgi): 16.09.2021 kell 22.00 FC Flora &#8211; KAA Gent, A. Le Coq Arena 30.09.2021 kell 19.45 FK Partizan &#8211; FC [&hellip;]<\/p>\n","protected":false},"author":80,"featured_media":129134,"comment_status":"open","ping_status":"open","sticky":false,"template":"","format":"standard","meta":{"_seopress_robots_primary_cat":"none","_seopress_titles_title":"","_seopress_titles_desc":"","_seopress_robots_index":"","footnotes":""},"categories":[203,142],"tags":[],"class_list":{"0":"post-129132","1":"post","2":"type-post","3":"status-publish","4":"format-standard","5":"has-post-thumbnail","7":"category-jalgpall","8":"category-uudised"},"_links":{"self":[{"href":"https:\/\/www.sekundomer.ee\/et\/wp-json\/wp\/v2\/posts\/129132","targetHints":{"allow":["GET"]}}],"collection":[{"href":"https:\/\/www.sekundomer.ee\/et\/wp-json\/wp\/v2\/posts"}],"about":[{"href":"https:\/\/www.sekundomer.ee\/et\/wp-json\/wp\/v2\/types\/post"}],"author":[{"embeddable":true,"href":"https:\/\/www.sekundomer.ee\/et\/wp-json\/wp\/v2\/users\/80"}],"replies":[{"embeddable":true,"href":"https:\/\/www.sekundomer.ee\/et\/wp-json\/wp\/v2\/comments?post=129132"}],"version-history":[{"count":0,"href":"https:\/\/www.sekundomer.ee\/et\/wp-json\/wp\/v2\/posts\/129132\/revisions"}],"wp:featuredmedia":[{"embeddable":true,"href":"https:\/\/www.sekundomer.ee\/et\/wp-json\/wp\/v2\/media\/129134"}],"wp:attachment":[{"href":"https:\/\/www.sekundomer.ee\/et\/wp-json\/wp\/v2\/media?parent=129132"}],"wp:term":[{"taxonomy":"category","embeddable":true,"href":"https:\/\/www.sekundomer.ee\/et\/wp-json\/wp\/v2\/categories?post=129132"},{"taxonomy":"post_tag","embeddable":true,"href":"https:\/\/www.sekundomer.ee\/et\/wp-json\/wp\/v2\/tags?post=129132"}],"curies":[{"name":"wp","href":"https:\/\/api.w.org\/{rel}","templated":true}]}}