{"id":129997,"date":"2021-09-14T12:07:24","date_gmt":"2021-09-14T09:07:24","guid":{"rendered":"https:\/\/www.sekundomer.ee\/?p=129997"},"modified":"2021-09-14T12:07:57","modified_gmt":"2021-09-14T09:07:57","slug":"19-septembril-toimub-jarjekorras-24-tartu-rattamaraton","status":"publish","type":"post","link":"https:\/\/www.sekundomer.ee\/et\/uudised\/19-septembril-toimub-jarjekorras-24-tartu-rattamaraton\/","title":{"rendered":"19. septembril toimub j\u00e4rjekorras 24. Tartu Rattamaraton"},"content":{"rendered":"<p>19. septembril toimub j\u00e4rjekorras 24. Tartu Rattamaraton. P\u00e4ev varem toimuvad Tartu T\u00e4htvere spordipargis Tartu Rattamaratoni lastes\u00f5idud.<\/p>\n<p>Starti on tulemas 2019. aasta Tartu Rattamaratoni v\u00f5itja Gert J\u00f5e\u00e4\u00e4r, Tartu<br \/>\nRattamaratoni kahekordne v\u00f5itja Andzs Flaksis (LAT) ning Tartu Rattamaratonil mitmel korral poodimikohti v\u00f5itnud Caspar Austa ja Peeter Tarvis. Naiste konkurentsis v\u00f5istlevad k\u00f5ige k\u00f5rgemate kohtade nimel Janelle Uibokand, Lelde Ardava, Liisa Ehrberg ja Mari-Liis M\u00f5ttus.<\/p>\n<p>Teiste hulgas on 89 km distantsil kirjas ka president Kersti Kaljulaid.<\/p>\n","protected":false},"excerpt":{"rendered":"<p>19. septembril toimub j\u00e4rjekorras 24. Tartu Rattamaraton. P\u00e4ev varem toimuvad Tartu T\u00e4htvere spordipargis Tartu Rattamaratoni lastes\u00f5idud. Starti on tulemas 2019. aasta Tartu Rattamaratoni v\u00f5itja Gert J\u00f5e\u00e4\u00e4r, Tartu Rattamaratoni kahekordne v\u00f5itja Andzs Flaksis (LAT) ning Tartu Rattamaratonil mitmel korral poodimikohti v\u00f5itnud Caspar Austa ja Peeter Tarvis. Naiste konkurentsis v\u00f5istlevad k\u00f5ige k\u00f5rgemate kohtade nimel Janelle Uibokand, Lelde [&hellip;]<\/p>\n","protected":false},"author":80,"featured_media":130000,"comment_status":"open","ping_status":"open","sticky":false,"template":"","format":"standard","meta":{"_seopress_robots_primary_cat":"none","_seopress_titles_title":"","_seopress_titles_desc":"","_seopress_robots_index":"","footnotes":""},"categories":[159,142],"tags":[651],"class_list":{"0":"post-129997","1":"post","2":"type-post","3":"status-publish","4":"format-standard","5":"has-post-thumbnail","7":"category-jalgratas","8":"category-uudised","9":"tag-24-tartu-rattamaraton"},"_links":{"self":[{"href":"https:\/\/www.sekundomer.ee\/et\/wp-json\/wp\/v2\/posts\/129997","targetHints":{"allow":["GET"]}}],"collection":[{"href":"https:\/\/www.sekundomer.ee\/et\/wp-json\/wp\/v2\/posts"}],"about":[{"href":"https:\/\/www.sekundomer.ee\/et\/wp-json\/wp\/v2\/types\/post"}],"author":[{"embeddable":true,"href":"https:\/\/www.sekundomer.ee\/et\/wp-json\/wp\/v2\/users\/80"}],"replies":[{"embeddable":true,"href":"https:\/\/www.sekundomer.ee\/et\/wp-json\/wp\/v2\/comments?post=129997"}],"version-history":[{"count":0,"href":"https:\/\/www.sekundomer.ee\/et\/wp-json\/wp\/v2\/posts\/129997\/revisions"}],"wp:featuredmedia":[{"embeddable":true,"href":"https:\/\/www.sekundomer.ee\/et\/wp-json\/wp\/v2\/media\/130000"}],"wp:attachment":[{"href":"https:\/\/www.sekundomer.ee\/et\/wp-json\/wp\/v2\/media?parent=129997"}],"wp:term":[{"taxonomy":"category","embeddable":true,"href":"https:\/\/www.sekundomer.ee\/et\/wp-json\/wp\/v2\/categories?post=129997"},{"taxonomy":"post_tag","embeddable":true,"href":"https:\/\/www.sekundomer.ee\/et\/wp-json\/wp\/v2\/tags?post=129997"}],"curies":[{"name":"wp","href":"https:\/\/api.w.org\/{rel}","templated":true}]}}