{"id":133429,"date":"2021-11-19T13:06:13","date_gmt":"2021-11-19T11:06:13","guid":{"rendered":"https:\/\/www.sekundomer.ee\/?p=133429"},"modified":"2021-11-19T13:06:13","modified_gmt":"2021-11-19T11:06:13","slug":"tondiraba-jaahallis-valmistub-mm-turniiriks-eesti-naiste-koondis","status":"publish","type":"post","link":"https:\/\/www.sekundomer.ee\/et\/uudised\/tondiraba-jaahallis-valmistub-mm-turniiriks-eesti-naiste-koondis\/","title":{"rendered":"Tondiraba j\u00e4\u00e4hallis valmistub MM turniiriks Eesti naiste koondis"},"content":{"rendered":"<p>Algaval n\u00e4dalavahetusel koguneb Tallinnas, Tondiraba j\u00e4\u00e4hallis Eesti naiste j\u00e4\u00e4hokikoondis s\u00fcgisesesse treeninglaagrisse. Laagris keskendutakse j\u00e4\u00e4treeningutele, \u00fcldf\u00fc\u00fcsilisele ettevalmistusele, meeskonnat\u00f6\u00f6 arendamisele ja koondise m\u00e4nguplaani tutvustamisele. Laager on osa ettevalmistustest 22.-27. m\u00e4rtsini toimuvale IIHF III divisjoni naiste MM turniirile, mis toimub Serbias. Koondise kogunemist viib l\u00e4bi peatreener Inguna Luka\u0161evica (LAT).<\/p>\n","protected":false},"excerpt":{"rendered":"<p>Algaval n\u00e4dalavahetusel koguneb Tallinnas, Tondiraba j\u00e4\u00e4hallis Eesti naiste j\u00e4\u00e4hokikoondis s\u00fcgisesesse treeninglaagrisse. Laagris keskendutakse j\u00e4\u00e4treeningutele, \u00fcldf\u00fc\u00fcsilisele ettevalmistusele, meeskonnat\u00f6\u00f6 arendamisele ja koondise m\u00e4nguplaani tutvustamisele. Laager on osa ettevalmistustest 22.-27. m\u00e4rtsini toimuvale IIHF III divisjoni naiste MM turniirile, mis toimub Serbias. Koondise kogunemist viib l\u00e4bi peatreener Inguna Luka\u0161evica (LAT).<\/p>\n","protected":false},"author":80,"featured_media":133430,"comment_status":"open","ping_status":"open","sticky":false,"template":"","format":"standard","meta":{"_seopress_robots_primary_cat":"none","_seopress_titles_title":"","_seopress_titles_desc":"","_seopress_robots_index":"","footnotes":""},"categories":[204,142],"tags":[735],"class_list":{"0":"post-133429","1":"post","2":"type-post","3":"status-publish","4":"format-standard","5":"has-post-thumbnail","7":"category-jaahoki","8":"category-uudised","9":"tag-eesti-naiste-koondis"},"_links":{"self":[{"href":"https:\/\/www.sekundomer.ee\/et\/wp-json\/wp\/v2\/posts\/133429","targetHints":{"allow":["GET"]}}],"collection":[{"href":"https:\/\/www.sekundomer.ee\/et\/wp-json\/wp\/v2\/posts"}],"about":[{"href":"https:\/\/www.sekundomer.ee\/et\/wp-json\/wp\/v2\/types\/post"}],"author":[{"embeddable":true,"href":"https:\/\/www.sekundomer.ee\/et\/wp-json\/wp\/v2\/users\/80"}],"replies":[{"embeddable":true,"href":"https:\/\/www.sekundomer.ee\/et\/wp-json\/wp\/v2\/comments?post=133429"}],"version-history":[{"count":0,"href":"https:\/\/www.sekundomer.ee\/et\/wp-json\/wp\/v2\/posts\/133429\/revisions"}],"wp:featuredmedia":[{"embeddable":true,"href":"https:\/\/www.sekundomer.ee\/et\/wp-json\/wp\/v2\/media\/133430"}],"wp:attachment":[{"href":"https:\/\/www.sekundomer.ee\/et\/wp-json\/wp\/v2\/media?parent=133429"}],"wp:term":[{"taxonomy":"category","embeddable":true,"href":"https:\/\/www.sekundomer.ee\/et\/wp-json\/wp\/v2\/categories?post=133429"},{"taxonomy":"post_tag","embeddable":true,"href":"https:\/\/www.sekundomer.ee\/et\/wp-json\/wp\/v2\/tags?post=133429"}],"curies":[{"name":"wp","href":"https:\/\/api.w.org\/{rel}","templated":true}]}}