{"id":133775,"date":"2021-11-24T13:59:45","date_gmt":"2021-11-24T11:59:45","guid":{"rendered":"https:\/\/www.sekundomer.ee\/?p=133775"},"modified":"2021-11-24T14:01:52","modified_gmt":"2021-11-24T12:01:52","slug":"kinnitati-esimesele-maailmakarika-etapile-suunduv-koondis","status":"publish","type":"post","link":"https:\/\/www.sekundomer.ee\/et\/uudised\/kinnitati-esimesele-maailmakarika-etapile-suunduv-koondis\/","title":{"rendered":"Kinnitati esimesele maailmakarika etapile suunduv koondis"},"content":{"rendered":"<p>19. ja 21. novembril peeti Norras Sjusj\u00f6enis Eesti laskesuusakoondise katsev\u00f5istlused, mis j\u00e4rel kinnitati 27. novembril algavale \u00d6stersundi maailmakarikaetapile s\u00f5itev koondis.<\/p>\n<p>Enne katsev\u00f5istlusi oli MK-koondisesse kinnitatud juba kolm sportlast \u2013 Tuuli Tomingas, Johanna Talih\u00e4rm ja Rene Zahkna. \u201eKevadel tegime koos peatreener Fjodor Svobodaga otsuse, et eelmise hooaja maailmakarikasarja parim mees ja naine ning ka \u00fcldarvestuses TOP60 hulka kuulunud Johanna Talih\u00e4rm p\u00e4\u00e4sevad sel talvel otse MK-koondisesse,\u201c \u00fctles Eesti laskesuusakoondise teine treener Daniil Stept\u0161enko.<\/p>\n<p>Sjusj\u00f6enis toimunud katsev\u00f5istlustel s\u00f5ideti reedel sprint ja p\u00fchap\u00e4eval l\u00fchendatud individuaaldistants. Tuuli Tomingas ja Johanna Talih\u00e4rm tegid kaasa sprindis, Rene Zahkna v\u00f5istlustel ei osalenud. M\u00f5lemal distantsil startinutest n\u00e4itas parimat tulemust Kristo Siimer, kes v\u00f5itis m\u00f5lemad s\u00f5idud.<\/p>\n<p>Eesti naistel on maailmakarikasarjas neli stardikohta, meestel kolm kohta. MK-koondise valikul l\u00e4htusid treenerid mitmest n\u00e4itajast. \u201eMaailmakarika etapile s\u00f5itvad sportlased valiti v\u00e4lja eelmise hooaja tulemuste, katsev\u00f5istluste ja treenerite ettepanekute p\u00f5hjal,\u201c \u00fctles Stept\u0161enko.<\/p>\n<p>Naistest s\u00f5idavad \u00d6stersundi maailmakarikaetapile Tuuli Tomingas, Johanna Talih\u00e4rm, Kadri Lehtla, Susan K\u00fclm ja Regina Oja. Meeste MK-koondisesse kinnitati Rene Zahkna, Kristo Siimer, Robert Heldna ja Kalev Ermits.<\/p>\n<p>Grete Gaim, Raido R\u00e4nkel, Marten Aolaid, Mart V\u0161ivtsev ja J\u00fcri Uha suunduvad IBU karikasarja esimesele etapile Idres, kus antakse esimene start 25. novembril.<\/p>\n<p>27. novembril \u00d6stersundis algaval laskesuusatamise maailmakarikasarja avan\u00e4dalavahetusel on kavas individuaaldistants ja sprint.<\/p>\n<p><em>biathlon.ee<\/em><\/p>\n","protected":false},"excerpt":{"rendered":"<p>19. ja 21. novembril peeti Norras Sjusj\u00f6enis Eesti laskesuusakoondise katsev\u00f5istlused, mis j\u00e4rel kinnitati 27. novembril algavale \u00d6stersundi maailmakarikaetapile s\u00f5itev koondis. Enne katsev\u00f5istlusi oli MK-koondisesse kinnitatud juba kolm sportlast \u2013 Tuuli Tomingas, Johanna Talih\u00e4rm ja Rene Zahkna. \u201eKevadel tegime koos peatreener Fjodor Svobodaga otsuse, et eelmise hooaja maailmakarikasarja parim mees ja naine ning ka \u00fcldarvestuses TOP60 [&hellip;]<\/p>\n","protected":false},"author":80,"featured_media":133776,"comment_status":"open","ping_status":"open","sticky":false,"template":"","format":"standard","meta":{"_seopress_robots_primary_cat":"none","_seopress_titles_title":"","_seopress_titles_desc":"","_seopress_robots_index":"","footnotes":""},"categories":[194,142],"tags":[753],"class_list":{"0":"post-133775","1":"post","2":"type-post","3":"status-publish","4":"format-standard","5":"has-post-thumbnail","7":"category-laskesuusatamine","8":"category-uudised","9":"tag-eesti-laskesuusakoondis"},"_links":{"self":[{"href":"https:\/\/www.sekundomer.ee\/et\/wp-json\/wp\/v2\/posts\/133775","targetHints":{"allow":["GET"]}}],"collection":[{"href":"https:\/\/www.sekundomer.ee\/et\/wp-json\/wp\/v2\/posts"}],"about":[{"href":"https:\/\/www.sekundomer.ee\/et\/wp-json\/wp\/v2\/types\/post"}],"author":[{"embeddable":true,"href":"https:\/\/www.sekundomer.ee\/et\/wp-json\/wp\/v2\/users\/80"}],"replies":[{"embeddable":true,"href":"https:\/\/www.sekundomer.ee\/et\/wp-json\/wp\/v2\/comments?post=133775"}],"version-history":[{"count":0,"href":"https:\/\/www.sekundomer.ee\/et\/wp-json\/wp\/v2\/posts\/133775\/revisions"}],"wp:featuredmedia":[{"embeddable":true,"href":"https:\/\/www.sekundomer.ee\/et\/wp-json\/wp\/v2\/media\/133776"}],"wp:attachment":[{"href":"https:\/\/www.sekundomer.ee\/et\/wp-json\/wp\/v2\/media?parent=133775"}],"wp:term":[{"taxonomy":"category","embeddable":true,"href":"https:\/\/www.sekundomer.ee\/et\/wp-json\/wp\/v2\/categories?post=133775"},{"taxonomy":"post_tag","embeddable":true,"href":"https:\/\/www.sekundomer.ee\/et\/wp-json\/wp\/v2\/tags?post=133775"}],"curies":[{"name":"wp","href":"https:\/\/api.w.org\/{rel}","templated":true}]}}