{"id":134005,"date":"2021-11-27T15:54:20","date_gmt":"2021-11-27T13:54:20","guid":{"rendered":"https:\/\/www.sekundomer.ee\/?p=134005"},"modified":"2021-11-29T15:54:27","modified_gmt":"2021-11-29T13:54:27","slug":"kohtla-jarvel-on-edukalt-toimunud-rahvusvahelised-voistlused-swim-grand-prix-wiru","status":"publish","type":"post","link":"https:\/\/www.sekundomer.ee\/et\/uudised\/kohtla-jarvel-on-edukalt-toimunud-rahvusvahelised-voistlused-swim-grand-prix-wiru\/","title":{"rendered":"Kohtla-J\u00e4rvel toimusid rahvusvahelised v\u00f5istlused Swim Grand Prix Wiru"},"content":{"rendered":"<p>Rohkem kui 300 ujujat 18. klubist (16 Eestist ning 2 Leedust) osalesid rahvusvahelisel noortev\u00f5istlusel Wiru Grand Prix, mis toimus 26.\u201327. novembril uues Kohtla-J\u00e4rve spordi- ja tervisekeskuses.<\/p>\n<p>Kohtumise korraldas ujumisklubi Aktiiv: \u201eSwim Grand Prix on s\u00fcndinud Leedus,\u201d r\u00e4\u00e4gib klubi Aktiiv treener Sergei Mihhailov, \u201e\u00fchel Baltimaa m\u00e4ngul me leppisime Leedu kolleegidega kokku selle, et need v\u00f5istlused on vaja korraldada ka Eestis ning eriti Kohtla-J\u00e4rvel. Kahjuks, koroonaviiruse piirangute t\u00f5ttu ei saanud tulla v\u00f5istlejad Venemaalt ja Valgevenest. Loodame, et meie v\u00f5istlus muutub traditsiooniks ning sellest v\u00f5ivad osa v\u00f5tta ka teised v\u00e4lismaa sportlased.\u201d<\/p>\n<p>Kahep\u00e4evasel Wiru Grand Prix\u2019il v\u00f5itsid medali koguni 85 sportlast! K\u00f5ige rohkem medaleid sai koju viia Tartu Ujumise spordiklubi \u2013 nende arvel on 75 medalit, millest 35 kuldsed. Tallinna klubil Garant sai kokku 27 medalit (11 + 7 + 9). Esimeste kohtade arvu (8) kolmanda koha saavutas klubi Wiru Swim \u2013 kokku 14 medalit. 5 kulda on Kohtla-J\u00e4rve klubil Aktiiv (kokku 21 medalit) ja J\u00f5hvi Spordikoolil (kokku 12 medalit). Narva SK Energia kasvandikud said 17 medalit (4 + 5 + 8). Meie k\u00fclalised Kaunasest v\u00f5itsid 28 medalit, millest 9 on kuldsed.<\/p>\n<p>Individuaalarvestuses on k\u00f5ige rohkem medaleid kotti pannud Tartu Ujumise Spordiklubi esindaja Robin Priks (6). 5 medalit on koju viinud Ute Viktoria Liu Yeung (J\u00f5hvi Spordikool) ja Deniss Tshikalev (SK Energia).<\/p>\n<p>V\u00f5itjaid ja medalite omanikke tunnustati kuues erinevas vanuseklassis 50- ja 100- meetristel ujumisdistantsidel. Samuti Open klassis 200 meetri vabaltujumises.<\/p>\n<p><a href=\"https:\/\/www.sekundomer.ee\/wp-content\/uploads\/2021\/11\/WIRU-Grand-Prix-results.pdf\">Protokoll<\/a> ja <a href=\"https:\/\/youtu.be\/I_eyqtLXJPA\">Video<\/a>.<\/p>\n<p>PILDID:<\/p>\n<div id='gallery-1' class='gallery galleryid-134005 gallery-columns-4 gallery-size-thumbnail'><figure class='gallery-item'>\n\t\t\t<div class='gallery-icon landscape'>\n\t\t\t\t<a href='https:\/\/www.sekundomer.ee\/et\/uudised\/kohtla-jarvel-on-edukalt-toimunud-rahvusvahelised-voistlused-swim-grand-prix-wiru\/attachment\/_sek3117-3-2\/'><img loading=\"lazy\" decoding=\"async\" width=\"150\" height=\"150\" src=\"https:\/\/www.sekundomer.ee\/wp-content\/uploads\/2021\/11\/SEK3117-150x150.jpg\" class=\"attachment-thumbnail size-thumbnail\" alt=\"\" \/><\/a>\n\t\t\t<\/div><\/figure><figure class='gallery-item'>\n\t\t\t<div class='gallery-icon portrait'>\n\t\t\t\t<a href='https:\/\/www.sekundomer.ee\/et\/uudised\/kohtla-jarvel-on-edukalt-toimunud-rahvusvahelised-voistlused-swim-grand-prix-wiru\/attachment\/_sek3122-3-2\/'><img loading=\"lazy\" decoding=\"async\" width=\"150\" height=\"150\" src=\"https:\/\/www.sekundomer.ee\/wp-content\/uploads\/2021\/11\/SEK3122-150x150.jpg\" class=\"attachment-thumbnail size-thumbnail\" alt=\"\" \/><\/a>\n\t\t\t<\/div><\/figure><figure class='gallery-item'>\n\t\t\t<div class='gallery-icon landscape'>\n\t\t\t\t<a href='https:\/\/www.sekundomer.ee\/et\/uudised\/kohtla-jarvel-on-edukalt-toimunud-rahvusvahelised-voistlused-swim-grand-prix-wiru\/attachment\/_sek3128-2-3\/'><img loading=\"lazy\" decoding=\"async\" width=\"150\" height=\"150\" src=\"https:\/\/www.sekundomer.ee\/wp-content\/uploads\/2021\/11\/SEK3128-150x150.jpg\" class=\"attachment-thumbnail size-thumbnail\" alt=\"\" \/><\/a>\n\t\t\t<\/div><\/figure><figure class='gallery-item'>\n\t\t\t<div class='gallery-icon portrait'>\n\t\t\t\t<a href='https:\/\/www.sekundomer.ee\/et\/uudised\/kohtla-jarvel-on-edukalt-toimunud-rahvusvahelised-voistlused-swim-grand-prix-wiru\/attachment\/_sek3131-2\/'><img loading=\"lazy\" decoding=\"async\" width=\"150\" height=\"150\" src=\"https:\/\/www.sekundomer.ee\/wp-content\/uploads\/2021\/11\/SEK3131-150x150.jpg\" class=\"attachment-thumbnail size-thumbnail\" alt=\"\" \/><\/a>\n\t\t\t<\/div><\/figure><figure class='gallery-item'>\n\t\t\t<div class='gallery-icon landscape'>\n\t\t\t\t<a href='https:\/\/www.sekundomer.ee\/et\/uudised\/kohtla-jarvel-on-edukalt-toimunud-rahvusvahelised-voistlused-swim-grand-prix-wiru\/attachment\/_sek3133-2\/'><img loading=\"lazy\" decoding=\"async\" width=\"150\" height=\"150\" src=\"https:\/\/www.sekundomer.ee\/wp-content\/uploads\/2021\/11\/SEK3133-150x150.jpg\" class=\"attachment-thumbnail size-thumbnail\" alt=\"\" \/><\/a>\n\t\t\t<\/div><\/figure><figure class='gallery-item'>\n\t\t\t<div class='gallery-icon landscape'>\n\t\t\t\t<a href='https:\/\/www.sekundomer.ee\/et\/uudised\/kohtla-jarvel-on-edukalt-toimunud-rahvusvahelised-voistlused-swim-grand-prix-wiru\/attachment\/_sek3138-2\/'><img loading=\"lazy\" decoding=\"async\" width=\"150\" height=\"150\" src=\"https:\/\/www.sekundomer.ee\/wp-content\/uploads\/2021\/11\/SEK3138-150x150.jpg\" class=\"attachment-thumbnail size-thumbnail\" alt=\"\" \/><\/a>\n\t\t\t<\/div><\/figure><figure class='gallery-item'>\n\t\t\t<div class='gallery-icon landscape'>\n\t\t\t\t<a href='https:\/\/www.sekundomer.ee\/et\/uudised\/kohtla-jarvel-on-edukalt-toimunud-rahvusvahelised-voistlused-swim-grand-prix-wiru\/attachment\/_sek3143-2-2\/'><img loading=\"lazy\" decoding=\"async\" width=\"150\" height=\"150\" src=\"https:\/\/www.sekundomer.ee\/wp-content\/uploads\/2021\/11\/SEK3143-150x150.jpg\" class=\"attachment-thumbnail size-thumbnail\" alt=\"\" \/><\/a>\n\t\t\t<\/div><\/figure><figure class='gallery-item'>\n\t\t\t<div class='gallery-icon landscape'>\n\t\t\t\t<a href='https:\/\/www.sekundomer.ee\/et\/uudised\/kohtla-jarvel-on-edukalt-toimunud-rahvusvahelised-voistlused-swim-grand-prix-wiru\/attachment\/_sek3145-2-2\/'><img loading=\"lazy\" decoding=\"async\" width=\"150\" height=\"150\" src=\"https:\/\/www.sekundomer.ee\/wp-content\/uploads\/2021\/11\/SEK3145-150x150.jpg\" class=\"attachment-thumbnail size-thumbnail\" alt=\"\" \/><\/a>\n\t\t\t<\/div><\/figure><figure class='gallery-item'>\n\t\t\t<div class='gallery-icon landscape'>\n\t\t\t\t<a href='https:\/\/www.sekundomer.ee\/et\/uudised\/kohtla-jarvel-on-edukalt-toimunud-rahvusvahelised-voistlused-swim-grand-prix-wiru\/attachment\/_sek3147-2-2\/'><img loading=\"lazy\" decoding=\"async\" width=\"150\" height=\"150\" src=\"https:\/\/www.sekundomer.ee\/wp-content\/uploads\/2021\/11\/SEK3147-150x150.jpg\" class=\"attachment-thumbnail size-thumbnail\" alt=\"\" \/><\/a>\n\t\t\t<\/div><\/figure><figure class='gallery-item'>\n\t\t\t<div class='gallery-icon landscape'>\n\t\t\t\t<a href='https:\/\/www.sekundomer.ee\/et\/uudised\/kohtla-jarvel-on-edukalt-toimunud-rahvusvahelised-voistlused-swim-grand-prix-wiru\/attachment\/_sek3162-2\/'><img loading=\"lazy\" decoding=\"async\" width=\"150\" height=\"150\" src=\"https:\/\/www.sekundomer.ee\/wp-content\/uploads\/2021\/11\/SEK3162-150x150.jpg\" class=\"attachment-thumbnail size-thumbnail\" alt=\"\" \/><\/a>\n\t\t\t<\/div><\/figure><figure class='gallery-item'>\n\t\t\t<div class='gallery-icon landscape'>\n\t\t\t\t<a href='https:\/\/www.sekundomer.ee\/et\/uudised\/kohtla-jarvel-on-edukalt-toimunud-rahvusvahelised-voistlused-swim-grand-prix-wiru\/attachment\/_sek3163-2-3\/'><img loading=\"lazy\" decoding=\"async\" width=\"150\" height=\"150\" src=\"https:\/\/www.sekundomer.ee\/wp-content\/uploads\/2021\/11\/SEK3163-150x150.jpg\" class=\"attachment-thumbnail size-thumbnail\" alt=\"\" \/><\/a>\n\t\t\t<\/div><\/figure><figure class='gallery-item'>\n\t\t\t<div class='gallery-icon landscape'>\n\t\t\t\t<a href='https:\/\/www.sekundomer.ee\/et\/uudised\/kohtla-jarvel-on-edukalt-toimunud-rahvusvahelised-voistlused-swim-grand-prix-wiru\/attachment\/_sek3164-2\/'><img loading=\"lazy\" decoding=\"async\" width=\"150\" height=\"150\" src=\"https:\/\/www.sekundomer.ee\/wp-content\/uploads\/2021\/11\/SEK3164-150x150.jpg\" class=\"attachment-thumbnail size-thumbnail\" alt=\"\" \/><\/a>\n\t\t\t<\/div><\/figure><figure class='gallery-item'>\n\t\t\t<div class='gallery-icon landscape'>\n\t\t\t\t<a href='https:\/\/www.sekundomer.ee\/et\/uudised\/kohtla-jarvel-on-edukalt-toimunud-rahvusvahelised-voistlused-swim-grand-prix-wiru\/attachment\/_sek3168-2-2\/'><img loading=\"lazy\" decoding=\"async\" width=\"150\" height=\"150\" src=\"https:\/\/www.sekundomer.ee\/wp-content\/uploads\/2021\/11\/SEK3168-150x150.jpg\" class=\"attachment-thumbnail size-thumbnail\" alt=\"\" \/><\/a>\n\t\t\t<\/div><\/figure><figure class='gallery-item'>\n\t\t\t<div class='gallery-icon landscape'>\n\t\t\t\t<a href='https:\/\/www.sekundomer.ee\/et\/uudised\/kohtla-jarvel-on-edukalt-toimunud-rahvusvahelised-voistlused-swim-grand-prix-wiru\/attachment\/_sek3172-2\/'><img loading=\"lazy\" decoding=\"async\" width=\"150\" height=\"150\" src=\"https:\/\/www.sekundomer.ee\/wp-content\/uploads\/2021\/11\/SEK3172-150x150.jpg\" class=\"attachment-thumbnail size-thumbnail\" alt=\"\" \/><\/a>\n\t\t\t<\/div><\/figure><figure class='gallery-item'>\n\t\t\t<div class='gallery-icon portrait'>\n\t\t\t\t<a href='https:\/\/www.sekundomer.ee\/et\/uudised\/kohtla-jarvel-on-edukalt-toimunud-rahvusvahelised-voistlused-swim-grand-prix-wiru\/attachment\/_sek3175-3-2\/'><img loading=\"lazy\" decoding=\"async\" width=\"150\" height=\"150\" src=\"https:\/\/www.sekundomer.ee\/wp-content\/uploads\/2021\/11\/SEK3175-150x150.jpg\" class=\"attachment-thumbnail size-thumbnail\" alt=\"\" \/><\/a>\n\t\t\t<\/div><\/figure><figure class='gallery-item'>\n\t\t\t<div class='gallery-icon landscape'>\n\t\t\t\t<a href='https:\/\/www.sekundomer.ee\/et\/uudised\/kohtla-jarvel-on-edukalt-toimunud-rahvusvahelised-voistlused-swim-grand-prix-wiru\/attachment\/_sek3176-3-2\/'><img loading=\"lazy\" decoding=\"async\" width=\"150\" height=\"150\" src=\"https:\/\/www.sekundomer.ee\/wp-content\/uploads\/2021\/11\/SEK3176-150x150.jpg\" class=\"attachment-thumbnail size-thumbnail\" alt=\"\" \/><\/a>\n\t\t\t<\/div><\/figure><figure class='gallery-item'>\n\t\t\t<div class='gallery-icon portrait'>\n\t\t\t\t<a href='https:\/\/www.sekundomer.ee\/et\/uudised\/kohtla-jarvel-on-edukalt-toimunud-rahvusvahelised-voistlused-swim-grand-prix-wiru\/attachment\/_sek3180-3\/'><img loading=\"lazy\" decoding=\"async\" width=\"150\" height=\"150\" src=\"https:\/\/www.sekundomer.ee\/wp-content\/uploads\/2021\/11\/SEK3180-150x150.jpg\" class=\"attachment-thumbnail size-thumbnail\" alt=\"\" \/><\/a>\n\t\t\t<\/div><\/figure><figure class='gallery-item'>\n\t\t\t<div class='gallery-icon landscape'>\n\t\t\t\t<a href='https:\/\/www.sekundomer.ee\/et\/uudised\/kohtla-jarvel-on-edukalt-toimunud-rahvusvahelised-voistlused-swim-grand-prix-wiru\/attachment\/_sek3181-3-2\/'><img loading=\"lazy\" decoding=\"async\" width=\"150\" height=\"150\" src=\"https:\/\/www.sekundomer.ee\/wp-content\/uploads\/2021\/11\/SEK3181-150x150.jpg\" class=\"attachment-thumbnail size-thumbnail\" alt=\"\" \/><\/a>\n\t\t\t<\/div><\/figure><figure class='gallery-item'>\n\t\t\t<div class='gallery-icon landscape'>\n\t\t\t\t<a href='https:\/\/www.sekundomer.ee\/et\/uudised\/kohtla-jarvel-on-edukalt-toimunud-rahvusvahelised-voistlused-swim-grand-prix-wiru\/attachment\/_sek3184-2\/'><img loading=\"lazy\" decoding=\"async\" width=\"150\" height=\"150\" src=\"https:\/\/www.sekundomer.ee\/wp-content\/uploads\/2021\/11\/SEK3184-150x150.jpg\" class=\"attachment-thumbnail size-thumbnail\" alt=\"\" \/><\/a>\n\t\t\t<\/div><\/figure><figure class='gallery-item'>\n\t\t\t<div class='gallery-icon landscape'>\n\t\t\t\t<a href='https:\/\/www.sekundomer.ee\/et\/uudised\/kohtla-jarvel-on-edukalt-toimunud-rahvusvahelised-voistlused-swim-grand-prix-wiru\/attachment\/_sek3189-2-2\/'><img loading=\"lazy\" decoding=\"async\" width=\"150\" height=\"150\" src=\"https:\/\/www.sekundomer.ee\/wp-content\/uploads\/2021\/11\/SEK3189-150x150.jpg\" class=\"attachment-thumbnail size-thumbnail\" alt=\"\" \/><\/a>\n\t\t\t<\/div><\/figure><figure class='gallery-item'>\n\t\t\t<div class='gallery-icon landscape'>\n\t\t\t\t<a href='https:\/\/www.sekundomer.ee\/et\/uudised\/kohtla-jarvel-on-edukalt-toimunud-rahvusvahelised-voistlused-swim-grand-prix-wiru\/attachment\/_sek3190-2-2\/'><img loading=\"lazy\" decoding=\"async\" width=\"150\" height=\"150\" src=\"https:\/\/www.sekundomer.ee\/wp-content\/uploads\/2021\/11\/SEK3190-150x150.jpg\" class=\"attachment-thumbnail size-thumbnail\" alt=\"\" \/><\/a>\n\t\t\t<\/div><\/figure><figure class='gallery-item'>\n\t\t\t<div class='gallery-icon landscape'>\n\t\t\t\t<a href='https:\/\/www.sekundomer.ee\/et\/uudised\/kohtla-jarvel-on-edukalt-toimunud-rahvusvahelised-voistlused-swim-grand-prix-wiru\/attachment\/_sek3194-2-2\/'><img loading=\"lazy\" decoding=\"async\" width=\"150\" height=\"150\" src=\"https:\/\/www.sekundomer.ee\/wp-content\/uploads\/2021\/11\/SEK3194-150x150.jpg\" class=\"attachment-thumbnail size-thumbnail\" alt=\"\" \/><\/a>\n\t\t\t<\/div><\/figure><figure class='gallery-item'>\n\t\t\t<div class='gallery-icon landscape'>\n\t\t\t\t<a href='https:\/\/www.sekundomer.ee\/et\/uudised\/kohtla-jarvel-on-edukalt-toimunud-rahvusvahelised-voistlused-swim-grand-prix-wiru\/attachment\/_sek3196-5-2\/'><img loading=\"lazy\" decoding=\"async\" width=\"150\" height=\"150\" src=\"https:\/\/www.sekundomer.ee\/wp-content\/uploads\/2021\/11\/SEK3196-150x150.jpg\" class=\"attachment-thumbnail size-thumbnail\" alt=\"\" \/><\/a>\n\t\t\t<\/div><\/figure><figure class='gallery-item'>\n\t\t\t<div class='gallery-icon landscape'>\n\t\t\t\t<a href='https:\/\/www.sekundomer.ee\/et\/uudised\/kohtla-jarvel-on-edukalt-toimunud-rahvusvahelised-voistlused-swim-grand-prix-wiru\/attachment\/_sek3197-2-2\/'><img loading=\"lazy\" decoding=\"async\" width=\"150\" height=\"150\" src=\"https:\/\/www.sekundomer.ee\/wp-content\/uploads\/2021\/11\/SEK3197-150x150.jpg\" class=\"attachment-thumbnail size-thumbnail\" alt=\"\" \/><\/a>\n\t\t\t<\/div><\/figure><figure class='gallery-item'>\n\t\t\t<div class='gallery-icon landscape'>\n\t\t\t\t<a href='https:\/\/www.sekundomer.ee\/et\/uudised\/kohtla-jarvel-on-edukalt-toimunud-rahvusvahelised-voistlused-swim-grand-prix-wiru\/attachment\/_sek3198-2-2\/'><img loading=\"lazy\" decoding=\"async\" width=\"150\" height=\"150\" src=\"https:\/\/www.sekundomer.ee\/wp-content\/uploads\/2021\/11\/SEK3198-150x150.jpg\" class=\"attachment-thumbnail size-thumbnail\" alt=\"\" \/><\/a>\n\t\t\t<\/div><\/figure><figure class='gallery-item'>\n\t\t\t<div class='gallery-icon landscape'>\n\t\t\t\t<a href='https:\/\/www.sekundomer.ee\/et\/uudised\/kohtla-jarvel-on-edukalt-toimunud-rahvusvahelised-voistlused-swim-grand-prix-wiru\/attachment\/_sek3200-2-2\/'><img loading=\"lazy\" decoding=\"async\" width=\"150\" height=\"150\" src=\"https:\/\/www.sekundomer.ee\/wp-content\/uploads\/2021\/11\/SEK3200-150x150.jpg\" class=\"attachment-thumbnail size-thumbnail\" alt=\"\" \/><\/a>\n\t\t\t<\/div><\/figure><figure class='gallery-item'>\n\t\t\t<div class='gallery-icon landscape'>\n\t\t\t\t<a href='https:\/\/www.sekundomer.ee\/et\/uudised\/kohtla-jarvel-on-edukalt-toimunud-rahvusvahelised-voistlused-swim-grand-prix-wiru\/attachment\/_sek3202-2-2\/'><img loading=\"lazy\" decoding=\"async\" width=\"150\" height=\"150\" src=\"https:\/\/www.sekundomer.ee\/wp-content\/uploads\/2021\/11\/SEK3202-150x150.jpg\" class=\"attachment-thumbnail size-thumbnail\" alt=\"\" \/><\/a>\n\t\t\t<\/div><\/figure><figure class='gallery-item'>\n\t\t\t<div class='gallery-icon landscape'>\n\t\t\t\t<a href='https:\/\/www.sekundomer.ee\/et\/uudised\/kohtla-jarvel-on-edukalt-toimunud-rahvusvahelised-voistlused-swim-grand-prix-wiru\/attachment\/_sek3208-2-2\/'><img loading=\"lazy\" decoding=\"async\" width=\"150\" height=\"150\" src=\"https:\/\/www.sekundomer.ee\/wp-content\/uploads\/2021\/11\/SEK3208-150x150.jpg\" class=\"attachment-thumbnail size-thumbnail\" alt=\"\" \/><\/a>\n\t\t\t<\/div><\/figure><figure class='gallery-item'>\n\t\t\t<div class='gallery-icon landscape'>\n\t\t\t\t<a href='https:\/\/www.sekundomer.ee\/et\/uudised\/kohtla-jarvel-on-edukalt-toimunud-rahvusvahelised-voistlused-swim-grand-prix-wiru\/attachment\/_sek3212-3-2\/'><img loading=\"lazy\" decoding=\"async\" width=\"150\" height=\"150\" src=\"https:\/\/www.sekundomer.ee\/wp-content\/uploads\/2021\/11\/SEK3212-150x150.jpg\" class=\"attachment-thumbnail size-thumbnail\" alt=\"\" \/><\/a>\n\t\t\t<\/div><\/figure><figure class='gallery-item'>\n\t\t\t<div class='gallery-icon landscape'>\n\t\t\t\t<a href='https:\/\/www.sekundomer.ee\/et\/uudised\/kohtla-jarvel-on-edukalt-toimunud-rahvusvahelised-voistlused-swim-grand-prix-wiru\/attachment\/_sek3220-2-2\/'><img loading=\"lazy\" decoding=\"async\" width=\"150\" height=\"150\" src=\"https:\/\/www.sekundomer.ee\/wp-content\/uploads\/2021\/11\/SEK3220-150x150.jpg\" class=\"attachment-thumbnail size-thumbnail\" alt=\"\" \/><\/a>\n\t\t\t<\/div><\/figure><figure class='gallery-item'>\n\t\t\t<div class='gallery-icon landscape'>\n\t\t\t\t<a href='https:\/\/www.sekundomer.ee\/et\/uudised\/kohtla-jarvel-on-edukalt-toimunud-rahvusvahelised-voistlused-swim-grand-prix-wiru\/attachment\/_sek3225-3-2\/'><img loading=\"lazy\" decoding=\"async\" width=\"150\" height=\"150\" src=\"https:\/\/www.sekundomer.ee\/wp-content\/uploads\/2021\/11\/SEK3225-150x150.jpg\" class=\"attachment-thumbnail size-thumbnail\" alt=\"\" \/><\/a>\n\t\t\t<\/div><\/figure><figure class='gallery-item'>\n\t\t\t<div class='gallery-icon landscape'>\n\t\t\t\t<a href='https:\/\/www.sekundomer.ee\/et\/uudised\/kohtla-jarvel-on-edukalt-toimunud-rahvusvahelised-voistlused-swim-grand-prix-wiru\/attachment\/_sek3226-2\/'><img loading=\"lazy\" decoding=\"async\" width=\"150\" height=\"150\" src=\"https:\/\/www.sekundomer.ee\/wp-content\/uploads\/2021\/11\/SEK3226-150x150.jpg\" class=\"attachment-thumbnail size-thumbnail\" alt=\"\" \/><\/a>\n\t\t\t<\/div><\/figure><figure class='gallery-item'>\n\t\t\t<div class='gallery-icon landscape'>\n\t\t\t\t<a href='https:\/\/www.sekundomer.ee\/et\/uudised\/kohtla-jarvel-on-edukalt-toimunud-rahvusvahelised-voistlused-swim-grand-prix-wiru\/attachment\/_sek3231-2\/'><img loading=\"lazy\" decoding=\"async\" width=\"150\" height=\"150\" src=\"https:\/\/www.sekundomer.ee\/wp-content\/uploads\/2021\/11\/SEK3231-150x150.jpg\" class=\"attachment-thumbnail size-thumbnail\" alt=\"\" \/><\/a>\n\t\t\t<\/div><\/figure><figure class='gallery-item'>\n\t\t\t<div class='gallery-icon landscape'>\n\t\t\t\t<a href='https:\/\/www.sekundomer.ee\/et\/uudised\/kohtla-jarvel-on-edukalt-toimunud-rahvusvahelised-voistlused-swim-grand-prix-wiru\/attachment\/_sek3233-4-2\/'><img loading=\"lazy\" decoding=\"async\" width=\"150\" height=\"150\" src=\"https:\/\/www.sekundomer.ee\/wp-content\/uploads\/2021\/11\/SEK3233-150x150.jpg\" class=\"attachment-thumbnail size-thumbnail\" alt=\"\" \/><\/a>\n\t\t\t<\/div><\/figure><figure class='gallery-item'>\n\t\t\t<div class='gallery-icon portrait'>\n\t\t\t\t<a href='https:\/\/www.sekundomer.ee\/et\/uudised\/kohtla-jarvel-on-edukalt-toimunud-rahvusvahelised-voistlused-swim-grand-prix-wiru\/attachment\/20211127_105242-2\/'><img loading=\"lazy\" decoding=\"async\" width=\"150\" height=\"150\" src=\"https:\/\/www.sekundomer.ee\/wp-content\/uploads\/2021\/11\/20211127_105242-150x150.jpg\" class=\"attachment-thumbnail size-thumbnail\" alt=\"\" \/><\/a>\n\t\t\t<\/div><\/figure><figure class='gallery-item'>\n\t\t\t<div class='gallery-icon landscape'>\n\t\t\t\t<a href='https:\/\/www.sekundomer.ee\/et\/uudised\/kohtla-jarvel-on-edukalt-toimunud-rahvusvahelised-voistlused-swim-grand-prix-wiru\/attachment\/20211127_105307-2\/'><img loading=\"lazy\" decoding=\"async\" width=\"150\" height=\"150\" src=\"https:\/\/www.sekundomer.ee\/wp-content\/uploads\/2021\/11\/20211127_105307-150x150.jpg\" class=\"attachment-thumbnail size-thumbnail\" alt=\"\" \/><\/a>\n\t\t\t<\/div><\/figure><figure class='gallery-item'>\n\t\t\t<div class='gallery-icon landscape'>\n\t\t\t\t<a href='https:\/\/www.sekundomer.ee\/et\/uudised\/kohtla-jarvel-on-edukalt-toimunud-rahvusvahelised-voistlused-swim-grand-prix-wiru\/attachment\/20211127_110417-2\/'><img loading=\"lazy\" decoding=\"async\" width=\"150\" height=\"150\" src=\"https:\/\/www.sekundomer.ee\/wp-content\/uploads\/2021\/11\/20211127_110417-150x150.jpg\" class=\"attachment-thumbnail size-thumbnail\" alt=\"\" \/><\/a>\n\t\t\t<\/div><\/figure><figure class='gallery-item'>\n\t\t\t<div class='gallery-icon portrait'>\n\t\t\t\t<a href='https:\/\/www.sekundomer.ee\/et\/uudised\/kohtla-jarvel-on-edukalt-toimunud-rahvusvahelised-voistlused-swim-grand-prix-wiru\/attachment\/20211127_110442-2\/'><img loading=\"lazy\" decoding=\"async\" width=\"150\" height=\"150\" src=\"https:\/\/www.sekundomer.ee\/wp-content\/uploads\/2021\/11\/20211127_110442-150x150.jpg\" class=\"attachment-thumbnail size-thumbnail\" alt=\"\" \/><\/a>\n\t\t\t<\/div><\/figure><figure class='gallery-item'>\n\t\t\t<div class='gallery-icon landscape'>\n\t\t\t\t<a href='https:\/\/www.sekundomer.ee\/et\/uudised\/kohtla-jarvel-on-edukalt-toimunud-rahvusvahelised-voistlused-swim-grand-prix-wiru\/attachment\/20211127_110638-2\/'><img loading=\"lazy\" decoding=\"async\" width=\"150\" height=\"150\" src=\"https:\/\/www.sekundomer.ee\/wp-content\/uploads\/2021\/11\/20211127_110638-150x150.jpg\" class=\"attachment-thumbnail size-thumbnail\" alt=\"\" \/><\/a>\n\t\t\t<\/div><\/figure><figure class='gallery-item'>\n\t\t\t<div class='gallery-icon portrait'>\n\t\t\t\t<a href='https:\/\/www.sekundomer.ee\/et\/uudised\/kohtla-jarvel-on-edukalt-toimunud-rahvusvahelised-voistlused-swim-grand-prix-wiru\/attachment\/20211127_111341-2\/'><img loading=\"lazy\" decoding=\"async\" width=\"150\" height=\"150\" src=\"https:\/\/www.sekundomer.ee\/wp-content\/uploads\/2021\/11\/20211127_111341-150x150.jpg\" class=\"attachment-thumbnail size-thumbnail\" alt=\"\" \/><\/a>\n\t\t\t<\/div><\/figure><figure class='gallery-item'>\n\t\t\t<div class='gallery-icon landscape'>\n\t\t\t\t<a href='https:\/\/www.sekundomer.ee\/et\/uudised\/kohtla-jarvel-on-edukalt-toimunud-rahvusvahelised-voistlused-swim-grand-prix-wiru\/attachment\/20211127_111438-2\/'><img loading=\"lazy\" decoding=\"async\" width=\"150\" height=\"150\" src=\"https:\/\/www.sekundomer.ee\/wp-content\/uploads\/2021\/11\/20211127_111438-150x150.jpg\" class=\"attachment-thumbnail size-thumbnail\" alt=\"\" \/><\/a>\n\t\t\t<\/div><\/figure><figure class='gallery-item'>\n\t\t\t<div class='gallery-icon portrait'>\n\t\t\t\t<a href='https:\/\/www.sekundomer.ee\/et\/uudised\/kohtla-jarvel-on-edukalt-toimunud-rahvusvahelised-voistlused-swim-grand-prix-wiru\/attachment\/20211127_114457-2\/'><img loading=\"lazy\" decoding=\"async\" width=\"150\" height=\"150\" src=\"https:\/\/www.sekundomer.ee\/wp-content\/uploads\/2021\/11\/20211127_114457-150x150.jpg\" class=\"attachment-thumbnail size-thumbnail\" alt=\"\" \/><\/a>\n\t\t\t<\/div><\/figure><figure class='gallery-item'>\n\t\t\t<div class='gallery-icon portrait'>\n\t\t\t\t<a href='https:\/\/www.sekundomer.ee\/et\/uudised\/kohtla-jarvel-on-edukalt-toimunud-rahvusvahelised-voistlused-swim-grand-prix-wiru\/attachment\/20211127_114641-2\/'><img loading=\"lazy\" decoding=\"async\" width=\"150\" height=\"150\" src=\"https:\/\/www.sekundomer.ee\/wp-content\/uploads\/2021\/11\/20211127_114641-150x150.jpg\" class=\"attachment-thumbnail size-thumbnail\" alt=\"\" \/><\/a>\n\t\t\t<\/div><\/figure><figure class='gallery-item'>\n\t\t\t<div class='gallery-icon landscape'>\n\t\t\t\t<a href='https:\/\/www.sekundomer.ee\/et\/uudised\/kohtla-jarvel-on-edukalt-toimunud-rahvusvahelised-voistlused-swim-grand-prix-wiru\/attachment\/20211127_114819-2\/'><img loading=\"lazy\" decoding=\"async\" width=\"150\" height=\"150\" src=\"https:\/\/www.sekundomer.ee\/wp-content\/uploads\/2021\/11\/20211127_114819-150x150.jpg\" class=\"attachment-thumbnail size-thumbnail\" alt=\"\" \/><\/a>\n\t\t\t<\/div><\/figure><figure class='gallery-item'>\n\t\t\t<div class='gallery-icon portrait'>\n\t\t\t\t<a href='https:\/\/www.sekundomer.ee\/et\/uudised\/kohtla-jarvel-on-edukalt-toimunud-rahvusvahelised-voistlused-swim-grand-prix-wiru\/attachment\/20211127_114930-2\/'><img loading=\"lazy\" decoding=\"async\" width=\"150\" height=\"150\" src=\"https:\/\/www.sekundomer.ee\/wp-content\/uploads\/2021\/11\/20211127_114930-150x150.jpg\" class=\"attachment-thumbnail size-thumbnail\" alt=\"\" \/><\/a>\n\t\t\t<\/div><\/figure><figure class='gallery-item'>\n\t\t\t<div class='gallery-icon portrait'>\n\t\t\t\t<a href='https:\/\/www.sekundomer.ee\/et\/uudised\/kohtla-jarvel-on-edukalt-toimunud-rahvusvahelised-voistlused-swim-grand-prix-wiru\/attachment\/20211127_115237-2\/'><img loading=\"lazy\" decoding=\"async\" width=\"150\" height=\"150\" src=\"https:\/\/www.sekundomer.ee\/wp-content\/uploads\/2021\/11\/20211127_115237-150x150.jpg\" class=\"attachment-thumbnail size-thumbnail\" alt=\"\" \/><\/a>\n\t\t\t<\/div><\/figure><figure class='gallery-item'>\n\t\t\t<div class='gallery-icon portrait'>\n\t\t\t\t<a href='https:\/\/www.sekundomer.ee\/et\/uudised\/kohtla-jarvel-on-edukalt-toimunud-rahvusvahelised-voistlused-swim-grand-prix-wiru\/attachment\/20211127_115253-2\/'><img loading=\"lazy\" decoding=\"async\" width=\"150\" height=\"150\" src=\"https:\/\/www.sekundomer.ee\/wp-content\/uploads\/2021\/11\/20211127_115253-150x150.jpg\" class=\"attachment-thumbnail size-thumbnail\" alt=\"\" \/><\/a>\n\t\t\t<\/div><\/figure><figure class='gallery-item'>\n\t\t\t<div class='gallery-icon landscape'>\n\t\t\t\t<a href='https:\/\/www.sekundomer.ee\/et\/uudised\/kohtla-jarvel-on-edukalt-toimunud-rahvusvahelised-voistlused-swim-grand-prix-wiru\/attachment\/20211127_115418-2\/'><img loading=\"lazy\" decoding=\"async\" width=\"150\" height=\"150\" src=\"https:\/\/www.sekundomer.ee\/wp-content\/uploads\/2021\/11\/20211127_115418-150x150.jpg\" class=\"attachment-thumbnail size-thumbnail\" alt=\"\" \/><\/a>\n\t\t\t<\/div><\/figure>\n\t\t<\/div>\n\n","protected":false},"excerpt":{"rendered":"<p>Rohkem kui 300 ujujat 18. klubist (16 Eestist ning 2 Leedust) osalesid rahvusvahelisel noortev\u00f5istlusel Wiru Grand Prix, mis toimus 26.\u201327. novembril uues Kohtla-J\u00e4rve spordi- ja tervisekeskuses. Kohtumise korraldas ujumisklubi Aktiiv: \u201eSwim Grand Prix on s\u00fcndinud Leedus,\u201d r\u00e4\u00e4gib klubi Aktiiv treener Sergei Mihhailov, \u201e\u00fchel Baltimaa m\u00e4ngul me leppisime Leedu kolleegidega kokku selle, et need v\u00f5istlused on [&hellip;]<\/p>\n","protected":false},"author":80,"featured_media":133924,"comment_status":"open","ping_status":"open","sticky":false,"template":"","format":"standard","meta":{"_seopress_robots_primary_cat":"none","_seopress_titles_title":"","_seopress_titles_desc":"","_seopress_robots_index":"","footnotes":""},"categories":[172,142],"tags":[762],"class_list":{"0":"post-134005","1":"post","2":"type-post","3":"status-publish","4":"format-standard","5":"has-post-thumbnail","7":"category-ujumine","8":"category-uudised","9":"tag-swim-grand-prix-wiru-et"},"_links":{"self":[{"href":"https:\/\/www.sekundomer.ee\/et\/wp-json\/wp\/v2\/posts\/134005","targetHints":{"allow":["GET"]}}],"collection":[{"href":"https:\/\/www.sekundomer.ee\/et\/wp-json\/wp\/v2\/posts"}],"about":[{"href":"https:\/\/www.sekundomer.ee\/et\/wp-json\/wp\/v2\/types\/post"}],"author":[{"embeddable":true,"href":"https:\/\/www.sekundomer.ee\/et\/wp-json\/wp\/v2\/users\/80"}],"replies":[{"embeddable":true,"href":"https:\/\/www.sekundomer.ee\/et\/wp-json\/wp\/v2\/comments?post=134005"}],"version-history":[{"count":0,"href":"https:\/\/www.sekundomer.ee\/et\/wp-json\/wp\/v2\/posts\/134005\/revisions"}],"wp:featuredmedia":[{"embeddable":true,"href":"https:\/\/www.sekundomer.ee\/et\/wp-json\/wp\/v2\/media\/133924"}],"wp:attachment":[{"href":"https:\/\/www.sekundomer.ee\/et\/wp-json\/wp\/v2\/media?parent=134005"}],"wp:term":[{"taxonomy":"category","embeddable":true,"href":"https:\/\/www.sekundomer.ee\/et\/wp-json\/wp\/v2\/categories?post=134005"},{"taxonomy":"post_tag","embeddable":true,"href":"https:\/\/www.sekundomer.ee\/et\/wp-json\/wp\/v2\/tags?post=134005"}],"curies":[{"name":"wp","href":"https:\/\/api.w.org\/{rel}","templated":true}]}}