{"id":136884,"date":"2022-02-08T21:06:43","date_gmt":"2022-02-08T19:06:43","guid":{"rendered":"https:\/\/www.sekundomer.ee\/?p=136884"},"modified":"2022-02-08T21:06:43","modified_gmt":"2022-02-08T19:06:43","slug":"vigastusega-voistelnud-iluuisutaja-aleksandr-selevko-pekingi-olumpiamangudel-luhikavast-edasi-ei-paasenud","status":"publish","type":"post","link":"https:\/\/www.sekundomer.ee\/et\/uudised\/vigastusega-voistelnud-iluuisutaja-aleksandr-selevko-pekingi-olumpiamangudel-luhikavast-edasi-ei-paasenud\/","title":{"rendered":"Vigastusega v\u00f5istelnud iluuisutaja Aleksandr Selevko Pekingi ol\u00fcmpiam\u00e4ngudel l\u00fchikavast edasi ei p\u00e4\u00e4senud"},"content":{"rendered":"<p>8. veebruaril toimus Pekingi taliol\u00fcmpial iluuisutamise esimesel individuaalalal \u2013 meeste \u00fcksiks\u00f5idus l\u00fchikava v\u00f5istlus. Eestit esindanud Aleksandr Selevko teenis l\u00fchikavas 65,29 punkti ja 28. koha ning vabakavale ei p\u00e4\u00e4senud. Selevko vigastas treeningutel \u00f5lga, v\u00f5istles vigastusest hoolimata ja pidi kavas tegema muudatusi. V\u00f5istlusej\u00e4rgses intervjuus \u00fctles ta, et p\u00fc\u00fcdis teha maksimumi, mida sai hetkel lubada, kuid vigastus ei v\u00f5imaldanud k\u00f5ike sooritada.<\/p>\n<p>L\u00fchikava j\u00e4rel juhib Ameerika iluuisutaja, valitsev maailmameister Nathan Chen, kes p\u00fcstitas l\u00fchikavas maailmarekordi 111,71 punktiga. Teisel ja kolmandal positsioonil on jaapani iluuisutajad Yuma Kagiyama ja Shoma Uno. Meeste vabakava v\u00f5istlus toimub 10. veebruaril.<\/p>\n<p>Iluuisutamise individuaalaladele eelnes v\u00f5istkondlik v\u00f5istlus, millest v\u00e4ljus v\u00f5itjana Venemaa koondis.<\/p>\n<p><em>Ia Remmel<\/em><\/p>\n","protected":false},"excerpt":{"rendered":"<p>8. veebruaril toimus Pekingi taliol\u00fcmpial iluuisutamise esimesel individuaalalal \u2013 meeste \u00fcksiks\u00f5idus l\u00fchikava v\u00f5istlus. Eestit esindanud Aleksandr Selevko teenis l\u00fchikavas 65,29 punkti ja 28. koha ning vabakavale ei p\u00e4\u00e4senud. Selevko vigastas treeningutel \u00f5lga, v\u00f5istles vigastusest hoolimata ja pidi kavas tegema muudatusi. V\u00f5istlusej\u00e4rgses intervjuus \u00fctles ta, et p\u00fc\u00fcdis teha maksimumi, mida sai hetkel lubada, kuid vigastus ei [&hellip;]<\/p>\n","protected":false},"author":80,"featured_media":136885,"comment_status":"open","ping_status":"open","sticky":false,"template":"","format":"standard","meta":{"_seopress_robots_primary_cat":"none","_seopress_titles_title":"","_seopress_titles_desc":"","_seopress_robots_index":"","footnotes":""},"categories":[199,142],"tags":[826],"class_list":{"0":"post-136884","1":"post","2":"type-post","3":"status-publish","4":"format-standard","5":"has-post-thumbnail","7":"category-iluuisutamine","8":"category-uudised","9":"tag-aleksandr-selevko-et"},"_links":{"self":[{"href":"https:\/\/www.sekundomer.ee\/et\/wp-json\/wp\/v2\/posts\/136884","targetHints":{"allow":["GET"]}}],"collection":[{"href":"https:\/\/www.sekundomer.ee\/et\/wp-json\/wp\/v2\/posts"}],"about":[{"href":"https:\/\/www.sekundomer.ee\/et\/wp-json\/wp\/v2\/types\/post"}],"author":[{"embeddable":true,"href":"https:\/\/www.sekundomer.ee\/et\/wp-json\/wp\/v2\/users\/80"}],"replies":[{"embeddable":true,"href":"https:\/\/www.sekundomer.ee\/et\/wp-json\/wp\/v2\/comments?post=136884"}],"version-history":[{"count":0,"href":"https:\/\/www.sekundomer.ee\/et\/wp-json\/wp\/v2\/posts\/136884\/revisions"}],"wp:featuredmedia":[{"embeddable":true,"href":"https:\/\/www.sekundomer.ee\/et\/wp-json\/wp\/v2\/media\/136885"}],"wp:attachment":[{"href":"https:\/\/www.sekundomer.ee\/et\/wp-json\/wp\/v2\/media?parent=136884"}],"wp:term":[{"taxonomy":"category","embeddable":true,"href":"https:\/\/www.sekundomer.ee\/et\/wp-json\/wp\/v2\/categories?post=136884"},{"taxonomy":"post_tag","embeddable":true,"href":"https:\/\/www.sekundomer.ee\/et\/wp-json\/wp\/v2\/tags?post=136884"}],"curies":[{"name":"wp","href":"https:\/\/api.w.org\/{rel}","templated":true}]}}