{"id":137990,"date":"2022-03-05T18:07:04","date_gmt":"2022-03-05T16:07:04","guid":{"rendered":"https:\/\/www.sekundomer.ee\/?p=137990"},"modified":"2022-03-05T18:07:04","modified_gmt":"2022-03-05T16:07:04","slug":"u18-ja-u20-koondised-olid-voidukad-ning-karmen-bruus-pustitas-korgushuppes-u18-ja-u20-eesti-rekordi","status":"publish","type":"post","link":"https:\/\/www.sekundomer.ee\/et\/uudised\/u18-ja-u20-koondised-olid-voidukad-ning-karmen-bruus-pustitas-korgushuppes-u18-ja-u20-eesti-rekordi\/","title":{"rendered":"U18 ja U20 koondised olid v\u00f5idukad ning Karmen Bruus p\u00fcstitas k\u00f5rgush\u00fcppes U18 ja U20 Eesti rekordi"},"content":{"rendered":"<p>T\u00e4na l\u00f5ppesid Valmieras U18 ja U20 vanuseklasside Balti v\u00f5istkondlikud meistriv\u00f5istlused, kust Eesti koondis tuleb tagasi m\u00f5lema vanuseklassi v\u00f5idukarikatega. Karmen Bruus p\u00fcstitas k\u00f5rgush\u00fcppes uue U18 ja U20 Eesti rekordi ning kordas U23 Eesti siserekordit.<\/p>\n<p>Eesti koondis v\u00f5ttis m\u00f5lemas vanuseklassis kindla v\u00f5idu. U18 Eesti koondis tuli \u00fclekaalukalt esimeseks 224 punktiga, L\u00e4ti sai teise koha 160 punktiga ning kolmas koht Leedule 141 punktiga.<\/p>\n<p>U20 \u00fcldv\u00f5it tuli Eestile 198 punktiga, teine koht L\u00e4tile 186 punktiga ning kolmandaks j\u00e4i Leedu 149 punktiga.<\/p>\n<p>Nende v\u00f5istluste parima tulemuse tegi 17-aastane Karmen Bruus, kes \u00fcletas k\u00f5rgush\u00fcppes 1.91! Selle tulemusega parandas ta juba kolmandat n\u00e4dalat j\u00e4rjest oma isiklikku rekordit ning U18 k\u00f5rgush\u00fcppe Eesti rekordit. \u00dchtlasi t\u00e4histab see tulemus ka U20 Eesti rekordit ning U23 Eesti siserekordi kordamist.<\/p>\n<p>4x400m segateatejooksus s\u00fcndis uus U18, U20 ja U23 Eesti siserekord ajaga 3.38,57 meie U18 v\u00f5istkonna esituses. V\u00f5istkonda kuulusid Anette Pets, Livia Filipozzi, Robert Kompus ja Romet Kivi.<\/p>\n","protected":false},"excerpt":{"rendered":"<p>T\u00e4na l\u00f5ppesid Valmieras U18 ja U20 vanuseklasside Balti v\u00f5istkondlikud meistriv\u00f5istlused, kust Eesti koondis tuleb tagasi m\u00f5lema vanuseklassi v\u00f5idukarikatega. Karmen Bruus p\u00fcstitas k\u00f5rgush\u00fcppes uue U18 ja U20 Eesti rekordi ning kordas U23 Eesti siserekordit. Eesti koondis v\u00f5ttis m\u00f5lemas vanuseklassis kindla v\u00f5idu. U18 Eesti koondis tuli \u00fclekaalukalt esimeseks 224 punktiga, L\u00e4ti sai teise koha 160 punktiga ning [&hellip;]<\/p>\n","protected":false},"author":80,"featured_media":137991,"comment_status":"open","ping_status":"open","sticky":false,"template":"","format":"standard","meta":{"_seopress_robots_primary_cat":"none","_seopress_titles_title":"","_seopress_titles_desc":"","_seopress_robots_index":"","footnotes":""},"categories":[201,142],"tags":[],"class_list":{"0":"post-137990","1":"post","2":"type-post","3":"status-publish","4":"format-standard","5":"has-post-thumbnail","7":"category-kergejoustik","8":"category-uudised"},"_links":{"self":[{"href":"https:\/\/www.sekundomer.ee\/et\/wp-json\/wp\/v2\/posts\/137990","targetHints":{"allow":["GET"]}}],"collection":[{"href":"https:\/\/www.sekundomer.ee\/et\/wp-json\/wp\/v2\/posts"}],"about":[{"href":"https:\/\/www.sekundomer.ee\/et\/wp-json\/wp\/v2\/types\/post"}],"author":[{"embeddable":true,"href":"https:\/\/www.sekundomer.ee\/et\/wp-json\/wp\/v2\/users\/80"}],"replies":[{"embeddable":true,"href":"https:\/\/www.sekundomer.ee\/et\/wp-json\/wp\/v2\/comments?post=137990"}],"version-history":[{"count":0,"href":"https:\/\/www.sekundomer.ee\/et\/wp-json\/wp\/v2\/posts\/137990\/revisions"}],"wp:featuredmedia":[{"embeddable":true,"href":"https:\/\/www.sekundomer.ee\/et\/wp-json\/wp\/v2\/media\/137991"}],"wp:attachment":[{"href":"https:\/\/www.sekundomer.ee\/et\/wp-json\/wp\/v2\/media?parent=137990"}],"wp:term":[{"taxonomy":"category","embeddable":true,"href":"https:\/\/www.sekundomer.ee\/et\/wp-json\/wp\/v2\/categories?post=137990"},{"taxonomy":"post_tag","embeddable":true,"href":"https:\/\/www.sekundomer.ee\/et\/wp-json\/wp\/v2\/tags?post=137990"}],"curies":[{"name":"wp","href":"https:\/\/api.w.org\/{rel}","templated":true}]}}