{"id":138441,"date":"2022-03-16T21:44:12","date_gmt":"2022-03-16T19:44:12","guid":{"rendered":"https:\/\/www.sekundomer.ee\/?p=138441"},"modified":"2022-03-17T10:14:40","modified_gmt":"2022-03-17T08:14:40","slug":"kohtla-jarve-jaahalli-renoveerimine-on-joudnud-loppjarku","status":"publish","type":"post","link":"https:\/\/www.sekundomer.ee\/et\/uudised\/kohtla-jarve-jaahalli-renoveerimine-on-joudnud-loppjarku\/","title":{"rendered":"Kohtla-J\u00e4rve J\u00e4\u00e4halli renoveerimine on j\u00f5udnud l\u00f5ppj\u00e4rku"},"content":{"rendered":"<div dir=\"auto\">P\u00f5hilised t\u00f6\u00f6d j\u00e4\u00e4v\u00e4lja ja katuse rekonstrueerimisel on l\u00f5petatud. N\u00fc\u00fcd remonditakse trib\u00fc\u00fcni ja nende all olevaid ruume ning muid abiruume.<\/div>\n<div dir=\"auto\">\n<div class=\"asset-full-content show-asset-title\">\n<div class=\"asset-content\">\n<div class=\"journal-content-article\">\n<p>Meeldiv on t\u00f5deda, et praegu n\u00e4eb J\u00e4\u00e4hall seestpoolt palju heledam v\u00e4lja kui varem.<\/p>\n<p>Abilinnapea Kristiine Agu \u00fctles, et J\u00e4\u00e4halli avamine p\u00e4rast rekonstrueerimist on plaanis juba j\u00e4rgmisel kuul ehk aprillis.<\/p>\n<p><em>Igor Parv<\/em><\/p>\n<p>&nbsp;<\/p>\n<\/div>\n<\/div>\n<\/div>\n<\/div>\n<div dir=\"auto\"><\/div>\n<div dir=\"auto\">\n<div id='gallery-1' class='gallery galleryid-138441 gallery-columns-2 gallery-size-thumbnail'><figure class='gallery-item'>\n\t\t\t<div class='gallery-icon landscape'>\n\t\t\t\t<a href='https:\/\/www.sekundomer.ee\/et\/uudised\/kohtla-jarve-jaahalli-renoveerimine-on-joudnud-loppjarku\/attachment\/275897075_4851129611600825_9084241799941482405_n-2\/'><img loading=\"lazy\" decoding=\"async\" width=\"150\" height=\"150\" src=\"https:\/\/www.sekundomer.ee\/wp-content\/uploads\/2022\/03\/275897075_4851129611600825_9084241799941482405_n-150x150.jpg\" class=\"attachment-thumbnail size-thumbnail\" alt=\"\" \/><\/a>\n\t\t\t<\/div><\/figure><figure class='gallery-item'>\n\t\t\t<div class='gallery-icon landscape'>\n\t\t\t\t<a href='https:\/\/www.sekundomer.ee\/et\/uudised\/kohtla-jarve-jaahalli-renoveerimine-on-joudnud-loppjarku\/attachment\/275999405_4851129928267460_5966031429958121365_n-2\/'><img loading=\"lazy\" decoding=\"async\" width=\"150\" height=\"150\" src=\"https:\/\/www.sekundomer.ee\/wp-content\/uploads\/2022\/03\/275999405_4851129928267460_5966031429958121365_n-150x150.jpg\" class=\"attachment-thumbnail size-thumbnail\" alt=\"\" \/><\/a>\n\t\t\t<\/div><\/figure>\n\t\t<\/div>\n\n<\/div>\n<div dir=\"auto\"><\/div>\n","protected":false},"excerpt":{"rendered":"<p>P\u00f5hilised t\u00f6\u00f6d j\u00e4\u00e4v\u00e4lja ja katuse rekonstrueerimisel on l\u00f5petatud. N\u00fc\u00fcd remonditakse trib\u00fc\u00fcni ja nende all olevaid ruume ning muid abiruume. Meeldiv on t\u00f5deda, et praegu n\u00e4eb J\u00e4\u00e4hall seestpoolt palju heledam v\u00e4lja kui varem. Abilinnapea Kristiine Agu \u00fctles, et J\u00e4\u00e4halli avamine p\u00e4rast rekonstrueerimist on plaanis juba j\u00e4rgmisel kuul ehk aprillis. Igor Parv &nbsp;<\/p>\n","protected":false},"author":80,"featured_media":138423,"comment_status":"open","ping_status":"open","sticky":false,"template":"","format":"standard","meta":{"_seopress_robots_primary_cat":"none","_seopress_titles_title":"","_seopress_titles_desc":"","_seopress_robots_index":"","footnotes":""},"categories":[142],"tags":[],"class_list":{"0":"post-138441","1":"post","2":"type-post","3":"status-publish","4":"format-standard","5":"has-post-thumbnail","7":"category-uudised"},"_links":{"self":[{"href":"https:\/\/www.sekundomer.ee\/et\/wp-json\/wp\/v2\/posts\/138441","targetHints":{"allow":["GET"]}}],"collection":[{"href":"https:\/\/www.sekundomer.ee\/et\/wp-json\/wp\/v2\/posts"}],"about":[{"href":"https:\/\/www.sekundomer.ee\/et\/wp-json\/wp\/v2\/types\/post"}],"author":[{"embeddable":true,"href":"https:\/\/www.sekundomer.ee\/et\/wp-json\/wp\/v2\/users\/80"}],"replies":[{"embeddable":true,"href":"https:\/\/www.sekundomer.ee\/et\/wp-json\/wp\/v2\/comments?post=138441"}],"version-history":[{"count":0,"href":"https:\/\/www.sekundomer.ee\/et\/wp-json\/wp\/v2\/posts\/138441\/revisions"}],"wp:featuredmedia":[{"embeddable":true,"href":"https:\/\/www.sekundomer.ee\/et\/wp-json\/wp\/v2\/media\/138423"}],"wp:attachment":[{"href":"https:\/\/www.sekundomer.ee\/et\/wp-json\/wp\/v2\/media?parent=138441"}],"wp:term":[{"taxonomy":"category","embeddable":true,"href":"https:\/\/www.sekundomer.ee\/et\/wp-json\/wp\/v2\/categories?post=138441"},{"taxonomy":"post_tag","embeddable":true,"href":"https:\/\/www.sekundomer.ee\/et\/wp-json\/wp\/v2\/tags?post=138441"}],"curies":[{"name":"wp","href":"https:\/\/api.w.org\/{rel}","templated":true}]}}