{"id":139368,"date":"2022-04-08T11:19:17","date_gmt":"2022-04-08T08:19:17","guid":{"rendered":"https:\/\/www.sekundomer.ee\/?p=139368"},"modified":"2022-04-08T11:19:17","modified_gmt":"2022-04-08T08:19:17","slug":"eesti-kasipallikoondis-mangib-kaks-maavoistust-leeduga","status":"publish","type":"post","link":"https:\/\/www.sekundomer.ee\/et\/uudised\/eesti-kasipallikoondis-mangib-kaks-maavoistust-leeduga\/","title":{"rendered":"Eesti k\u00e4sipallikoondis m\u00e4ngib kaks maav\u00f5istust Leeduga"},"content":{"rendered":"<p>J\u00e4rgmisel n\u00e4dalal peetakse 2023. aasta maailmameistriv\u00f5istluste otsustavad valikm\u00e4ngud k\u00e4sipallis. Eelmises ringis Austriale kaotanud Eesti kasutab koondisepausi, et pidada Alytuses kaks ametlikku maav\u00f5istust Leeduga. Viimane langes MM-valiksarjas samuti m\u00e4rtsis, kui j\u00e4i kahel korral alla Iisraelile.<\/p>\n<p>Eesti koondise peatreener Thomas Sivertsson kutsus koondisse 17 m\u00e4ngijat ja tegu on sel korral p\u00f5neva kooslusega. Rivis on mitmed v\u00e4ga kogenud tegijad, aga samas ka neli noort deb\u00fctanti ja ridamisi pallureid, kel kirjas vaid \u00fcks-kaks koondisem\u00e4ngu.<\/p>\n<p>&#8220;K\u00fcllap sooviks m\u00f5lemad koondised j\u00e4tkata MM-valiksarjas, aga alati ei l\u00e4he k\u00f5ik nii, nagu tahame. M\u00e4ngud Leeduga on meie jaoks suurep\u00e4rane v\u00f5imalus. \u00dchest k\u00fcljest saame valmistuda s\u00fcgisel algavateks EM-m\u00e4ngudeks, ent samas anda v\u00f5imaluse noortele ja seel\u00e4bi hoolitseda rahvuskoondise tuleviku eest,&#8221; kommenteeris Sivertsson.<\/p>\n<p>&#8220;Kui Mait Patrail v\u00e4lja arvata, saame kasutada k\u00f5iki meie p\u00f5hikaitsjaid, sest Austria vastu puudunud Armi P\u00e4rt ja Markus Viitkar on tagasi. Koos Martin Johannsoniga on meil seega olemas kogu joonem\u00e4ngijate trio. Dener Jaanimaa, Karl Toomi ja Alfred Timmo n\u00e4ol on ka tagaliini p\u00f5hij\u00f5ud kohal,&#8221; lahkas koondise peatreener.<\/p>\n<p>K\u00f5ige m\u00e4rgatavam eemalej\u00e4\u00e4jate nimekiri on \u00e4\u00e4rem\u00e4ngijate osakonnas, kus MM-valikm\u00e4ngude nelikust ei osale seekord keegi. Deb\u00fctandid Sigmar Seermann ja Sander Sarapuu saavad kindlasti suure koormuse, aga Sivertssoni s\u00f5nul v\u00f5ivad ka Ilja Kosmirak ja veel \u00fcks uustulnuk, Sergio-Silver Kreegimaa \u00e4\u00e4rel tegutseda.<\/p>\n<p>&#8220;On v\u00e4ga t\u00e4htis, et noored saavad just kogenud meeste k\u00f5rval koondisekarastuse. N\u00e4iteks v\u00f5ib tuua, et Kosmiraki jaoks on need neli p\u00e4eva koos Jaanimaaga treenida ja m\u00e4ngida ju hindamatuks kogemuseks,&#8221; t\u00f5i Sivertsson v\u00e4lja seekordse paremsisemiste paari.<\/p>\n<p>Koondise noorim liige on eelmisel p\u00fchap\u00e4eval 16. s\u00fcnnip\u00e4eva t\u00e4histanud P\u00e4rnu k\u00e4sipalli kasvandik Averi H\u00e4nnile, kes igap\u00e4evaselt kaitseb esiliigas Viljandi Spordikool\/P\u00e4rnu v\u00e4ravat. &#8220;Averi avaldas muljet jaanuarikuises talentide laagris ning n\u00fc\u00fcd saab ta Janne Ekmani k\u00e4e all ja Armis Priskuse k\u00f5rval veelgi p\u00f5nevama kogemuse,&#8221; s\u00f5nas Sivertsson.<\/p>\n<p>Eesti rahvusmeeskond s\u00f5idab Alytusse esmasp\u00e4eval ning kohtub kohalikus spordihoones Leeduga kolmap\u00e4eva \u00f5htul kell 18 ja p\u00e4ev hiljem kell 13 algavates m\u00e4ngudes. Viimati oli Eesti Leeduga vastamisi seitse aastat tagasi Dobeles toimunud maav\u00f5istlusel, kui tehti 26:26 viik.<\/p>\n<p><strong>Eesti koondis maav\u00f5istlusteks Leeduga: <\/strong>Martin Johannson (Bukaresti Steaua), Karl Toom (HSC 2000 Coburg), Dener Jaanimaa (Daido Steel HC), Alfred Timmo (Fjellhammer IL), Markus Viitkar (Karjaa BK-46), Armi P\u00e4rt (Helsingi Dicken), Sander Sarapuu (P\u00f5lva Serviti), Kermo Saksing (P\u00f5lva Coop), Mihkel L\u00f5pp, Hendrik Koks (m\u00f5l Viljandi HC), Armis Priskus (HC Tallinn), David Mamporia, Sigmar Seermann, Sergio-Silver Kreegimaa (k\u00f5ik HC Kehra\/Horizon Pulp&amp;Paper), Vahur Oolup, Ilja Kosmirak (m\u00f5l SK Tapa) ja Averi H\u00e4nnile (Viljandi Spordikool\/HC P\u00e4rnu). Peatreener Thomas Sivertsson, treenerid Martin Noodla ja Janne Ekman, f\u00fcsioterapeudid Margus Parts ja Allar Lamp, delegatsioonijuht Priit Allikivi.<\/p>\n<p><em>Pildil: Dener Jaanimaa ja Martin Johannson toovad m\u00e4ngudeks Leedu vastu meeskonda peaaegu 200 m\u00e4ngu ja \u00fcle 550 v\u00e4rava jagu koondisekogemust. (Foto: Helin Potter\/EKL).<\/em><\/p>\n","protected":false},"excerpt":{"rendered":"<p>J\u00e4rgmisel n\u00e4dalal peetakse 2023. aasta maailmameistriv\u00f5istluste otsustavad valikm\u00e4ngud k\u00e4sipallis. Eelmises ringis Austriale kaotanud Eesti kasutab koondisepausi, et pidada Alytuses kaks ametlikku maav\u00f5istust Leeduga. Viimane langes MM-valiksarjas samuti m\u00e4rtsis, kui j\u00e4i kahel korral alla Iisraelile. Eesti koondise peatreener Thomas Sivertsson kutsus koondisse 17 m\u00e4ngijat ja tegu on sel korral p\u00f5neva kooslusega. Rivis on mitmed v\u00e4ga kogenud [&hellip;]<\/p>\n","protected":false},"author":80,"featured_media":139369,"comment_status":"open","ping_status":"open","sticky":false,"template":"","format":"standard","meta":{"_seopress_robots_primary_cat":"none","_seopress_titles_title":"","_seopress_titles_desc":"","_seopress_robots_index":"","footnotes":""},"categories":[160,142],"tags":[],"class_list":{"0":"post-139368","1":"post","2":"type-post","3":"status-publish","4":"format-standard","5":"has-post-thumbnail","7":"category-kasipall","8":"category-uudised"},"_links":{"self":[{"href":"https:\/\/www.sekundomer.ee\/et\/wp-json\/wp\/v2\/posts\/139368","targetHints":{"allow":["GET"]}}],"collection":[{"href":"https:\/\/www.sekundomer.ee\/et\/wp-json\/wp\/v2\/posts"}],"about":[{"href":"https:\/\/www.sekundomer.ee\/et\/wp-json\/wp\/v2\/types\/post"}],"author":[{"embeddable":true,"href":"https:\/\/www.sekundomer.ee\/et\/wp-json\/wp\/v2\/users\/80"}],"replies":[{"embeddable":true,"href":"https:\/\/www.sekundomer.ee\/et\/wp-json\/wp\/v2\/comments?post=139368"}],"version-history":[{"count":0,"href":"https:\/\/www.sekundomer.ee\/et\/wp-json\/wp\/v2\/posts\/139368\/revisions"}],"wp:featuredmedia":[{"embeddable":true,"href":"https:\/\/www.sekundomer.ee\/et\/wp-json\/wp\/v2\/media\/139369"}],"wp:attachment":[{"href":"https:\/\/www.sekundomer.ee\/et\/wp-json\/wp\/v2\/media?parent=139368"}],"wp:term":[{"taxonomy":"category","embeddable":true,"href":"https:\/\/www.sekundomer.ee\/et\/wp-json\/wp\/v2\/categories?post=139368"},{"taxonomy":"post_tag","embeddable":true,"href":"https:\/\/www.sekundomer.ee\/et\/wp-json\/wp\/v2\/tags?post=139368"}],"curies":[{"name":"wp","href":"https:\/\/api.w.org\/{rel}","templated":true}]}}