{"id":139663,"date":"2022-04-14T14:46:16","date_gmt":"2022-04-14T11:46:16","guid":{"rendered":"https:\/\/www.sekundomer.ee\/?p=139663"},"modified":"2022-04-14T14:46:16","modified_gmt":"2022-04-14T11:46:16","slug":"indrek-kelk-uuenenud-tartu-rattaralli-toob-lainestardid-uue-raja-ja-distantsi","status":"publish","type":"post","link":"https:\/\/www.sekundomer.ee\/et\/uudised\/indrek-kelk-uuenenud-tartu-rattaralli-toob-lainestardid-uue-raja-ja-distantsi\/","title":{"rendered":"Indrek Kelk: uuenenud Tartu Rattaralli toob lainestardid, uue raja ja distantsi"},"content":{"rendered":"<p>Tartu Rattaralli on koroonaviiruse leviku t\u00f5ttu toimunud viimased kaks aastat virtuaalsena. T\u00e4navu saavad rattaralli \u00fcritused startida taas t\u00e4ies mahus ning oodata on mitmeid uuendusi, mis on peamiselt suunatud ohutuse suurendamiseks. K\u00f5igest t\u00e4psemalt r\u00e4\u00e4gib v\u00f5istluse peakorraldaja Indrek Kelk.<\/p>\n<p><strong>\u00a0<\/strong><strong>Milline on p\u00f5hiline muutus osaleja jaoks?<\/strong><\/p>\n<p>Neid uuendusi on sel aastal p\u00e4ris palju. K\u00f5ige rohkem tunnetavad ratturid muutust t\u00f5en\u00e4oliselt lainestartide, uue raja ning lisanduva l\u00fchikese distantsi osas.<\/p>\n<p>Mis puudutab lainestarte, siis need on loodud eelk\u00f5ige ohutust silmas pidades, v\u00e4hendades stardiga kaasnevat sagimist. Sel aastal on nii 128 km kui ka 60 km distantsil viis lainestarti. Pikk distants kuulub rahvusvahelisse UCI Gran Fondo World Series sarja ning seal on lainestardid \u00e4ra jagatud vanusegrupi p\u00f5hiselt, lisaks eliitgrupp ja tempogrupid. Pooliku distantsi lainestardid on arvestatud selle j\u00e4rgi, kes millise ajaga l\u00f5petada v\u00f5iks. K\u00f5ige l\u00fchemal distantsil on \u00fcks start.<\/p>\n<p>T\u00e4navu stardivad k\u00f5ik kolm Rattaralli distantsi Eesti Rahva Muuseumi (ERM) B-parklast ja viivad osalejad Peipsi poole, mitte L\u00f5una-Eestisse. Uue stardikoha ja rajamuudatuse p\u00f5hjus seisneb eelk\u00f5ige Riia ringristmiku rekonstrueerimises, mist\u00f5ttu olime sunnitud rada uuendama ja ratturid teist teed pidi linnast v\u00e4lja viima. K\u00fcll aga on finish endiselt Turu t\u00e4naval.<\/p>\n<p><strong>Mida toob uus, k\u00f5ige l\u00fchem distants?<\/strong><\/p>\n<p>Oleme juba varem m\u00f5elnud, et tahaksime teha osalejatele k\u00f5ige l\u00fchema distantsi ja ERM-i juurest startimine seda ka v\u00f5imaldab. Plaanis on kolmanda distantsina 27 km, mis on m\u00f5nus rahulik s\u00f5it, kuhu saab tulla terve perega lihtsalt ilusat p\u00e4eva nautima. Kuna teatavasti on elektrirattad muutumas linnapildis \u00fcha populaarsemaks, siis erandkorras on sellel distantsil lubatud ka elektriratastega osalemine (kuni 25km\/h; v\u00f5imsus 250W).<\/p>\n<p><strong>Mainitud sai Gran Fondo sarja, mida see endast kujutab?<\/strong><\/p>\n<p>UCI Gran Fondo World Series on Rahvusvahelise Jalgratturite Liidu (UCI) egiidi all toimuv v\u00f5istluste sari harrastusratturitele. Igal osav\u00f5istlusel oma vanusegrupi esimese 20% seas l\u00f5petanud rattureid premeeritakse spetsiaalse sarja medaliga, lisaks saavad nad hooaja l\u00f5pus \u00f5iguse startida UCI Gran Fondo Maailmameistriv\u00f5istlustel, mis toimuvad t\u00e4navu Itaalias, Trentos.<\/p>\n<p>Tartu Rattarallil on 128 km distants UCI Gran Fondo World Series sarjas. K\u00f5ik, kes end Tartu Rattaralli pikale distantsile kirja panevad, l\u00e4hevad automaatselt Gran Fondo vanuseklassi arvestusse. Gran Fondo arvestuses osaleda soovijad peavad startima oma vanusegrupile m\u00f5eldud stardilaines ja stardigrupis. See annab v\u00f5imaluse selgitada v\u00e4lja, kes kuuluvad vanusegrupi 20% kiireimate sekka.<\/p>\n<p>Kui osaleja ei soovi Rattarallil Gran Fondo arvestuses osaleda, on tal v\u00f5imalus startida esimesest lainest ehk eliitgrupist (tingimusel, et ta sellesse kvalifitseerub) v\u00f5i tempogruppidest, mis stardivad viimases stardilaines.<\/p>\n<p><strong>Mida veel v\u00f5iks inimesed t\u00e4navusest Rattarallist teada?<\/strong><\/p>\n<p>Rattaralli on ainuke p\u00e4ev, millal rattas\u00f5brad saavad turvaliselt nautida liikumist Eestimaa teedel, p\u00e4ev mil Rattaralli rada on reserveeritud eelk\u00f5ige ratturitele.<\/p>\n<p>See on koht, kuhu tulla koos perega, v\u00f5tta m\u00f5nuga. S\u00f5ita nautides, aga ka soovi korral v\u00f5isteldes.<\/p>\n<p>Rattaralli on festival, kus k\u00f5ik rattas\u00f5itu armastavad inimesed saavad \u00fcheskoos manifesteerida, n\u00e4idates oma poolehoidu keskkonnas\u00f5braliku liikumise ja tervisliku eluviisi vastu.<\/p>\n<p><em>Pressiteade<\/em><br \/>\n<em>Fotod 2019. aasta Tartu Rattarallist on manuses. Autor: Ardo S\u00e4ks.<\/em><\/p>\n","protected":false},"excerpt":{"rendered":"<p>Tartu Rattaralli on koroonaviiruse leviku t\u00f5ttu toimunud viimased kaks aastat virtuaalsena. T\u00e4navu saavad rattaralli \u00fcritused startida taas t\u00e4ies mahus ning oodata on mitmeid uuendusi, mis on peamiselt suunatud ohutuse suurendamiseks. K\u00f5igest t\u00e4psemalt r\u00e4\u00e4gib v\u00f5istluse peakorraldaja Indrek Kelk. \u00a0Milline on p\u00f5hiline muutus osaleja jaoks? Neid uuendusi on sel aastal p\u00e4ris palju. K\u00f5ige rohkem tunnetavad ratturid muutust [&hellip;]<\/p>\n","protected":false},"author":80,"featured_media":139664,"comment_status":"open","ping_status":"open","sticky":false,"template":"","format":"standard","meta":{"_seopress_robots_primary_cat":"none","_seopress_titles_title":"","_seopress_titles_desc":"","_seopress_robots_index":"","footnotes":""},"categories":[159,142],"tags":[225],"class_list":{"0":"post-139663","1":"post","2":"type-post","3":"status-publish","4":"format-standard","5":"has-post-thumbnail","7":"category-jalgratas","8":"category-uudised","9":"tag-tartu-rattaralli"},"_links":{"self":[{"href":"https:\/\/www.sekundomer.ee\/et\/wp-json\/wp\/v2\/posts\/139663","targetHints":{"allow":["GET"]}}],"collection":[{"href":"https:\/\/www.sekundomer.ee\/et\/wp-json\/wp\/v2\/posts"}],"about":[{"href":"https:\/\/www.sekundomer.ee\/et\/wp-json\/wp\/v2\/types\/post"}],"author":[{"embeddable":true,"href":"https:\/\/www.sekundomer.ee\/et\/wp-json\/wp\/v2\/users\/80"}],"replies":[{"embeddable":true,"href":"https:\/\/www.sekundomer.ee\/et\/wp-json\/wp\/v2\/comments?post=139663"}],"version-history":[{"count":0,"href":"https:\/\/www.sekundomer.ee\/et\/wp-json\/wp\/v2\/posts\/139663\/revisions"}],"wp:featuredmedia":[{"embeddable":true,"href":"https:\/\/www.sekundomer.ee\/et\/wp-json\/wp\/v2\/media\/139664"}],"wp:attachment":[{"href":"https:\/\/www.sekundomer.ee\/et\/wp-json\/wp\/v2\/media?parent=139663"}],"wp:term":[{"taxonomy":"category","embeddable":true,"href":"https:\/\/www.sekundomer.ee\/et\/wp-json\/wp\/v2\/categories?post=139663"},{"taxonomy":"post_tag","embeddable":true,"href":"https:\/\/www.sekundomer.ee\/et\/wp-json\/wp\/v2\/tags?post=139663"}],"curies":[{"name":"wp","href":"https:\/\/api.w.org\/{rel}","templated":true}]}}