{"id":140798,"date":"2022-05-02T17:57:31","date_gmt":"2022-05-02T14:57:31","guid":{"rendered":"https:\/\/www.sekundomer.ee\/?p=140798"},"modified":"2022-05-02T17:58:37","modified_gmt":"2022-05-02T14:58:37","slug":"rattaralli-pikk-distants-stardib-esmakordselt-rahvusvahelises-uci-gran-fondo-sarjas","status":"publish","type":"post","link":"https:\/\/www.sekundomer.ee\/et\/uudised\/rattaralli-pikk-distants-stardib-esmakordselt-rahvusvahelises-uci-gran-fondo-sarjas\/","title":{"rendered":"Rattaralli pikk distants stardib esmakordselt rahvusvahelises UCI Gran Fondo sarjas"},"content":{"rendered":"<p>UCI Gran Fondo World Series on Rahvusvahelise Jalgratturite Liidu v\u00f5istluste sari, kuhu kuulub 25-30 osav\u00f5istlust \u00fcle maailma. K\u00f5ik 19-aastased ja vanemad ratturid, kes end Tartu Rattaralli pikale distantsile kirja panevad, l\u00e4hevad automaatselt Gran Fondo (GF) arvestusse tingimusel, et nad stardivad oma vanusegrupi stardilaines- ja grupis. Selle aasta Rattarallil ei ole enam \u00fchte suurt massstarti ja 128 km distantsile starditakse viies eraldi stardilaines. Esimesena l\u00e4heb rajale eliitgrupp (ei l\u00e4he GF arvestusse), siis kolm stardilainet: 19\u201439- aastased, 40\u201449-aastased, 50+ vanuses s\u00f5itjad ning viimasena tempogrupid (ei l\u00e4he GF arvestusse). Starti minnes on vastava vanusegrupi v\u00e4rav t\u00e4histatud eriv\u00e4rvi sildiga, mis vastab osaleja v\u00f5istlusnumbri v\u00e4rvile.<\/p>\n<p>Kui osaleja stardib 128 km distantsile enda vanusegrupist ja l\u00f5petab esimese 20% seas, premeeritakse teda spetsiaalse sarja medaliga ning tal on \u00f5igus startida hooaja l\u00f5pus UCI Gran Fondo Maailmameistriv\u00f5istlustel, mis toimuvad t\u00e4navu Itaalias, Trentos.<\/p>\n<p>K\u00f5ikide GF vanuseklasside kolme parimat autasustatakse poodiumil. Vanuseklassi v\u00f5itja saab karika ja etapiv\u00f5itja s\u00e4rgi.<\/p>\n<p><strong>Kui ei ole soovi osaleda Gran Fondo arvestuses<\/strong><\/p>\n<p>Kui osaleja ei soovi GF arvestuses osaleda ja ei soovi startida oma vanusegrupist, kuna tahab s\u00f5ita koos oma s\u00f5radega, on v\u00f5imalus startida esimesest lainest ehk eliitgrupist (tingimusel, et sellesse kvalifitseerub) v\u00f5i tempogruppidest koos oma s\u00f5pradega, mis stardivad viimases stardilaines p\u00e4rast GF vanusegruppe. Tempogrupis startimiseks ei ole vaja eelnevalt registreerida, otsuse v\u00f5ib langetada ka rallip\u00e4eva hommikul. 128 km distantsil on 3 tempogruppi eeldatavate l\u00f5puaegadega: ca 3h 45 min, 4h 10 min ning 4h 40 min.<\/p>\n<p>Rattaralli medali saavad k\u00f5ik osalejad ning Klassiku sarja punktid arvestatakse \u00fcldprotokolli alusel, kus ratturid on j\u00e4rjestatud fini\u0161iaja alusel olenemata sellest, millises laines starditi.<\/p>\n<p>GF arvestusse ei kuulu Rattaralli 60 km ja 27 km. Poolpikal distantsil stardivad ratturid neljas laines eeldatava fini\u0161iaja j\u00e4rgi (saavad ise valida) ning k\u00f5ige l\u00fchemale, 27 km rajale l\u00e4hevad ratturid \u00fche lainena.<\/p>\n<p>Parima hinnaga registreerimine 41. Tartu Rattarallile l\u00f5ppeb t\u00e4na s\u00fcda\u00f6\u00f6l. Registreerimine <strong><a href=\"https:\/\/tartumaraton.ee\/et\/tartu-rattaralli-2022\/1286027-km\">SIIN<\/a><\/strong>.<\/p>\n<p><em>Pressiteade<\/em><br \/>\n<em>Foto 2019. aasta Tartu Rattarallist manuses. Autor: Adam Illingworth.<\/em><\/p>\n","protected":false},"excerpt":{"rendered":"<p>UCI Gran Fondo World Series on Rahvusvahelise Jalgratturite Liidu v\u00f5istluste sari, kuhu kuulub 25-30 osav\u00f5istlust \u00fcle maailma. K\u00f5ik 19-aastased ja vanemad ratturid, kes end Tartu Rattaralli pikale distantsile kirja panevad, l\u00e4hevad automaatselt Gran Fondo (GF) arvestusse tingimusel, et nad stardivad oma vanusegrupi stardilaines- ja grupis. Selle aasta Rattarallil ei ole enam \u00fchte suurt massstarti ja [&hellip;]<\/p>\n","protected":false},"author":80,"featured_media":140800,"comment_status":"open","ping_status":"open","sticky":false,"template":"","format":"standard","meta":{"_seopress_robots_primary_cat":"none","_seopress_titles_title":"","_seopress_titles_desc":"","_seopress_robots_index":"","footnotes":""},"categories":[207,142],"tags":[],"class_list":{"0":"post-140798","1":"post","2":"type-post","3":"status-publish","4":"format-standard","5":"has-post-thumbnail","7":"category-kurling","8":"category-uudised"},"_links":{"self":[{"href":"https:\/\/www.sekundomer.ee\/et\/wp-json\/wp\/v2\/posts\/140798","targetHints":{"allow":["GET"]}}],"collection":[{"href":"https:\/\/www.sekundomer.ee\/et\/wp-json\/wp\/v2\/posts"}],"about":[{"href":"https:\/\/www.sekundomer.ee\/et\/wp-json\/wp\/v2\/types\/post"}],"author":[{"embeddable":true,"href":"https:\/\/www.sekundomer.ee\/et\/wp-json\/wp\/v2\/users\/80"}],"replies":[{"embeddable":true,"href":"https:\/\/www.sekundomer.ee\/et\/wp-json\/wp\/v2\/comments?post=140798"}],"version-history":[{"count":0,"href":"https:\/\/www.sekundomer.ee\/et\/wp-json\/wp\/v2\/posts\/140798\/revisions"}],"wp:featuredmedia":[{"embeddable":true,"href":"https:\/\/www.sekundomer.ee\/et\/wp-json\/wp\/v2\/media\/140800"}],"wp:attachment":[{"href":"https:\/\/www.sekundomer.ee\/et\/wp-json\/wp\/v2\/media?parent=140798"}],"wp:term":[{"taxonomy":"category","embeddable":true,"href":"https:\/\/www.sekundomer.ee\/et\/wp-json\/wp\/v2\/categories?post=140798"},{"taxonomy":"post_tag","embeddable":true,"href":"https:\/\/www.sekundomer.ee\/et\/wp-json\/wp\/v2\/tags?post=140798"}],"curies":[{"name":"wp","href":"https:\/\/api.w.org\/{rel}","templated":true}]}}