{"id":140815,"date":"2022-05-03T19:26:16","date_gmt":"2022-05-03T16:26:16","guid":{"rendered":"https:\/\/www.sekundomer.ee\/?p=140815"},"modified":"2022-05-03T19:26:16","modified_gmt":"2022-05-03T16:26:16","slug":"karikavoistluste-kohtumine-lukati-haiguspuhangu-tottu-edasi","status":"publish","type":"post","link":"https:\/\/www.sekundomer.ee\/et\/uudised\/karikavoistluste-kohtumine-lukati-haiguspuhangu-tottu-edasi\/","title":{"rendered":"Karikav\u00f5istluste kohtumine l\u00fckati haiguspuhangu t\u00f5ttu edasi"},"content":{"rendered":"<p>4. mail toimuma pidanud JK Narva Trans \u2013 N\u00f5mme Kalju FC meeste karikav\u00f5istluste poolfinaal l\u00fckati seoses suure haiguspuhanguga N\u00f5mme Kalju FC esindusmeeskonnas n\u00e4dala v\u00f5rra edasi. M\u00e4ng toimub 11. mail.<\/p>\n<p>N\u00f5mme Kalju FC tegi avalduse m\u00e4ng edasi l\u00fckata, sest praeguseks on haigestunud esindusmeeskonnas 11 m\u00e4ngijat ja kolm personali liiget. S\u00fcmptomiteks on k\u00f5rge palavik, v\u00e4simus, uimane ja loid olek, valulik kurk, k\u00f6ha ja peavalu. Senised COVID-19 testid on olnud negatiivsed.<\/p>\n<p><em>EJLi pressiteenistus<\/em><\/p>\n","protected":false},"excerpt":{"rendered":"<p>4. mail toimuma pidanud JK Narva Trans \u2013 N\u00f5mme Kalju FC meeste karikav\u00f5istluste poolfinaal l\u00fckati seoses suure haiguspuhanguga N\u00f5mme Kalju FC esindusmeeskonnas n\u00e4dala v\u00f5rra edasi. M\u00e4ng toimub 11. mail. N\u00f5mme Kalju FC tegi avalduse m\u00e4ng edasi l\u00fckata, sest praeguseks on haigestunud esindusmeeskonnas 11 m\u00e4ngijat ja kolm personali liiget. S\u00fcmptomiteks on k\u00f5rge palavik, v\u00e4simus, uimane ja [&hellip;]<\/p>\n","protected":false},"author":80,"featured_media":140816,"comment_status":"open","ping_status":"open","sticky":false,"template":"","format":"standard","meta":{"_seopress_robots_primary_cat":"none","_seopress_titles_title":"","_seopress_titles_desc":"","_seopress_robots_index":"","footnotes":""},"categories":[203,142],"tags":[269],"class_list":{"0":"post-140815","1":"post","2":"type-post","3":"status-publish","4":"format-standard","5":"has-post-thumbnail","7":"category-jalgpall","8":"category-uudised","9":"tag-jk-narva-trans"},"_links":{"self":[{"href":"https:\/\/www.sekundomer.ee\/et\/wp-json\/wp\/v2\/posts\/140815","targetHints":{"allow":["GET"]}}],"collection":[{"href":"https:\/\/www.sekundomer.ee\/et\/wp-json\/wp\/v2\/posts"}],"about":[{"href":"https:\/\/www.sekundomer.ee\/et\/wp-json\/wp\/v2\/types\/post"}],"author":[{"embeddable":true,"href":"https:\/\/www.sekundomer.ee\/et\/wp-json\/wp\/v2\/users\/80"}],"replies":[{"embeddable":true,"href":"https:\/\/www.sekundomer.ee\/et\/wp-json\/wp\/v2\/comments?post=140815"}],"version-history":[{"count":0,"href":"https:\/\/www.sekundomer.ee\/et\/wp-json\/wp\/v2\/posts\/140815\/revisions"}],"wp:featuredmedia":[{"embeddable":true,"href":"https:\/\/www.sekundomer.ee\/et\/wp-json\/wp\/v2\/media\/140816"}],"wp:attachment":[{"href":"https:\/\/www.sekundomer.ee\/et\/wp-json\/wp\/v2\/media?parent=140815"}],"wp:term":[{"taxonomy":"category","embeddable":true,"href":"https:\/\/www.sekundomer.ee\/et\/wp-json\/wp\/v2\/categories?post=140815"},{"taxonomy":"post_tag","embeddable":true,"href":"https:\/\/www.sekundomer.ee\/et\/wp-json\/wp\/v2\/tags?post=140815"}],"curies":[{"name":"wp","href":"https:\/\/api.w.org\/{rel}","templated":true}]}}