{"id":143349,"date":"2022-07-01T15:47:13","date_gmt":"2022-07-01T12:47:13","guid":{"rendered":"https:\/\/www.sekundomer.ee\/?p=143349"},"modified":"2022-07-01T15:47:13","modified_gmt":"2022-07-01T12:47:13","slug":"eesti-kergejoustikuliidu-juhatus-kinnitas-tanasel-koosolekul-oregoni-mm-ile-soitva-5-liikmelise-eesti-koondise","status":"publish","type":"post","link":"https:\/\/www.sekundomer.ee\/et\/uudised\/eesti-kergejoustikuliidu-juhatus-kinnitas-tanasel-koosolekul-oregoni-mm-ile-soitva-5-liikmelise-eesti-koondise\/","title":{"rendered":"Eesti Kergej\u00f5ustikuliidu juhatus kinnitas t\u00e4nasel koosolekul Oregoni MM-ile s\u00f5itva 5-liikmelise Eesti koondise"},"content":{"rendered":"<p>15.-24. juuli toimuvale MMile s\u00f5idavad 400 m t\u00f5kkejooksja Rasmus M\u00e4gi, k\u00fcmnev\u00f5istlejad Janek \u00d5iglane, Johannes Erm ja Maicel Uibo ning k\u00f5rgush\u00fcppaja Karmen Bruus.<\/p>\n<p>Kui M\u00e4gi ja \u00d5iglane p\u00e4\u00e4sevad v\u00f5istlema normit\u00e4itjatena, siis Erm, Uibo ja Bruus teenisid omale koha reitingupunktidega.<\/p>\n<p>MM-i normi on t\u00e4itnud ka k\u00fcmnev\u00f5istleja Karel Tilga (2021.a.), maratonijooksjad Roman Fosti (2021.a.) ja Tiidrek Nurme (2022.a.).<\/p>\n<p>Maratonijooksjad Fosti ja Nurme osalevad augustis toimuvatel M\u00fcncheni Euroopa Meistriv\u00f5istlustel ja loobuvad MM-il osalemisest.<\/p>\n<p>Arvestades, et k\u00fcmnev\u00f5istluses kvalifitseerus MM-ile vastavalt Rahvusvahelise alaliidu tingimustele 4 Eesti sportlast, v\u00f5ttis Eesti Kergej\u00f5ustikuliidu juhatus arvesse kehtivad l\u00e4hetustingimused ning koondisesse arvati \u00d5iglane, Erm ja Uibo.<\/p>\n","protected":false},"excerpt":{"rendered":"<p>15.-24. juuli toimuvale MMile s\u00f5idavad 400 m t\u00f5kkejooksja Rasmus M\u00e4gi, k\u00fcmnev\u00f5istlejad Janek \u00d5iglane, Johannes Erm ja Maicel Uibo ning k\u00f5rgush\u00fcppaja Karmen Bruus. Kui M\u00e4gi ja \u00d5iglane p\u00e4\u00e4sevad v\u00f5istlema normit\u00e4itjatena, siis Erm, Uibo ja Bruus teenisid omale koha reitingupunktidega. MM-i normi on t\u00e4itnud ka k\u00fcmnev\u00f5istleja Karel Tilga (2021.a.), maratonijooksjad Roman Fosti (2021.a.) ja Tiidrek Nurme (2022.a.). [&hellip;]<\/p>\n","protected":false},"author":80,"featured_media":143350,"comment_status":"open","ping_status":"open","sticky":false,"template":"","format":"standard","meta":{"_seopress_robots_primary_cat":"none","_seopress_titles_title":"","_seopress_titles_desc":"","_seopress_robots_index":"","footnotes":""},"categories":[201,142],"tags":[426,296],"class_list":{"0":"post-143349","1":"post","2":"type-post","3":"status-publish","4":"format-standard","5":"has-post-thumbnail","7":"category-kergejoustik","8":"category-uudised","9":"tag-maicel-uibo","10":"tag-rasmus-magi"},"_links":{"self":[{"href":"https:\/\/www.sekundomer.ee\/et\/wp-json\/wp\/v2\/posts\/143349","targetHints":{"allow":["GET"]}}],"collection":[{"href":"https:\/\/www.sekundomer.ee\/et\/wp-json\/wp\/v2\/posts"}],"about":[{"href":"https:\/\/www.sekundomer.ee\/et\/wp-json\/wp\/v2\/types\/post"}],"author":[{"embeddable":true,"href":"https:\/\/www.sekundomer.ee\/et\/wp-json\/wp\/v2\/users\/80"}],"replies":[{"embeddable":true,"href":"https:\/\/www.sekundomer.ee\/et\/wp-json\/wp\/v2\/comments?post=143349"}],"version-history":[{"count":0,"href":"https:\/\/www.sekundomer.ee\/et\/wp-json\/wp\/v2\/posts\/143349\/revisions"}],"wp:featuredmedia":[{"embeddable":true,"href":"https:\/\/www.sekundomer.ee\/et\/wp-json\/wp\/v2\/media\/143350"}],"wp:attachment":[{"href":"https:\/\/www.sekundomer.ee\/et\/wp-json\/wp\/v2\/media?parent=143349"}],"wp:term":[{"taxonomy":"category","embeddable":true,"href":"https:\/\/www.sekundomer.ee\/et\/wp-json\/wp\/v2\/categories?post=143349"},{"taxonomy":"post_tag","embeddable":true,"href":"https:\/\/www.sekundomer.ee\/et\/wp-json\/wp\/v2\/tags?post=143349"}],"curies":[{"name":"wp","href":"https:\/\/api.w.org\/{rel}","templated":true}]}}