{"id":143362,"date":"2022-07-02T08:37:18","date_gmt":"2022-07-02T05:37:18","guid":{"rendered":"https:\/\/www.sekundomer.ee\/?p=143362"},"modified":"2022-07-02T08:37:18","modified_gmt":"2022-07-02T05:37:18","slug":"eesti-suusaliidu-uue-tegevjuhina-asub-11-juulist-toole-kristjan-koll","status":"publish","type":"post","link":"https:\/\/www.sekundomer.ee\/et\/uudised\/eesti-suusaliidu-uue-tegevjuhina-asub-11-juulist-toole-kristjan-koll\/","title":{"rendered":"Eesti Suusaliidu uue tegevjuhina asub 11. juulist t\u00f6\u00f6le Kristjan Koll"},"content":{"rendered":"<p>Suusaliidu juhatus valis uueks tegevjuhiks t\u00e4navu tippspordiga l\u00f5pparve teinud murdmaasuusataja Kristjan Kolli, kes tahab panna alaliidu rahvusvahelise edu ja j\u00e4relkasvu kindlustamise nimel t\u00f6\u00f6le \u00fchtse meeskonnana.<\/p>\n<p>27-aastane Kristjan Koll on talispordiga olnud seotud kogu oma elu. Ta alustas lapsep\u00f5lves kahev\u00f5istlusest ja suusah\u00fcpetest ning j\u00f5udis l\u00f5puks murdmaasuusatamise juurde. Ta on esindanud Eesti koondist erineva tasemega v\u00f5istlustel alates P\u00f5hjamaade noorte meistriv\u00f5istlustest ja l\u00f5petades t\u00e4iskasvanute maailmameistriv\u00f5istlustega. Tippspordi k\u00f5rvalt omandas Tallinna Reaalkoolis \u00f5ppinud Koll 2021. aastal bakalaureuse kraadi Tallinna Tehnika\u00fclikoolis \u00e4rirahanduse erialal ning t\u00f6\u00f6tas viimased kaks aastat Eesti \u00fches suurimas iseseisvalt b\u00f6rsile investeerivas varahaldusettev\u00f5ttes Avaron.<\/p>\n<p><em>Suusaliit.ee<\/em><\/p>\n","protected":false},"excerpt":{"rendered":"<p>Suusaliidu juhatus valis uueks tegevjuhiks t\u00e4navu tippspordiga l\u00f5pparve teinud murdmaasuusataja Kristjan Kolli, kes tahab panna alaliidu rahvusvahelise edu ja j\u00e4relkasvu kindlustamise nimel t\u00f6\u00f6le \u00fchtse meeskonnana. 27-aastane Kristjan Koll on talispordiga olnud seotud kogu oma elu. Ta alustas lapsep\u00f5lves kahev\u00f5istlusest ja suusah\u00fcpetest ning j\u00f5udis l\u00f5puks murdmaasuusatamise juurde. Ta on esindanud Eesti koondist erineva tasemega v\u00f5istlustel alates [&hellip;]<\/p>\n","protected":false},"author":80,"featured_media":143363,"comment_status":"open","ping_status":"open","sticky":false,"template":"","format":"standard","meta":{"_seopress_robots_primary_cat":"none","_seopress_titles_title":"","_seopress_titles_desc":"","_seopress_robots_index":"","footnotes":""},"categories":[197,142],"tags":[921],"class_list":{"0":"post-143362","1":"post","2":"type-post","3":"status-publish","4":"format-standard","5":"has-post-thumbnail","7":"category-murdmaa","8":"category-uudised","9":"tag-kristjan-koll"},"_links":{"self":[{"href":"https:\/\/www.sekundomer.ee\/et\/wp-json\/wp\/v2\/posts\/143362","targetHints":{"allow":["GET"]}}],"collection":[{"href":"https:\/\/www.sekundomer.ee\/et\/wp-json\/wp\/v2\/posts"}],"about":[{"href":"https:\/\/www.sekundomer.ee\/et\/wp-json\/wp\/v2\/types\/post"}],"author":[{"embeddable":true,"href":"https:\/\/www.sekundomer.ee\/et\/wp-json\/wp\/v2\/users\/80"}],"replies":[{"embeddable":true,"href":"https:\/\/www.sekundomer.ee\/et\/wp-json\/wp\/v2\/comments?post=143362"}],"version-history":[{"count":0,"href":"https:\/\/www.sekundomer.ee\/et\/wp-json\/wp\/v2\/posts\/143362\/revisions"}],"wp:featuredmedia":[{"embeddable":true,"href":"https:\/\/www.sekundomer.ee\/et\/wp-json\/wp\/v2\/media\/143363"}],"wp:attachment":[{"href":"https:\/\/www.sekundomer.ee\/et\/wp-json\/wp\/v2\/media?parent=143362"}],"wp:term":[{"taxonomy":"category","embeddable":true,"href":"https:\/\/www.sekundomer.ee\/et\/wp-json\/wp\/v2\/categories?post=143362"},{"taxonomy":"post_tag","embeddable":true,"href":"https:\/\/www.sekundomer.ee\/et\/wp-json\/wp\/v2\/tags?post=143362"}],"curies":[{"name":"wp","href":"https:\/\/api.w.org\/{rel}","templated":true}]}}