{"id":144393,"date":"2022-08-04T21:30:21","date_gmt":"2022-08-04T18:30:21","guid":{"rendered":"https:\/\/www.sekundomer.ee\/?p=144393"},"modified":"2022-08-04T21:30:21","modified_gmt":"2022-08-04T18:30:21","slug":"euroopa-meistrivoistlustele-kergejoustikus-soidab-12-liikmeline-eesti-koondis","status":"publish","type":"post","link":"https:\/\/www.sekundomer.ee\/et\/uudised\/euroopa-meistrivoistlustele-kergejoustikus-soidab-12-liikmeline-eesti-koondis\/","title":{"rendered":"Euroopa Meistriv\u00f5istlustele kergej\u00f5ustikus s\u00f5idab 12-liikmeline Eesti koondis"},"content":{"rendered":"<p>Eesti Kergej\u00f5ustikuliidu juhatus kinnitas t\u00e4nasel koosolekul M\u00fcncheni EM-ile s\u00f5itva 12-liikmelise Eesti koondise.<\/p>\n<p>15.-21. augustil toimuvale EMile s\u00f5idavad 9 mees-ja 3 naiskergej\u00f5ustiklast.\u00a0 Maratonis l\u00e4heb v\u00e4lja kolmeliikmeline tiim koosseisus Roman Fosti, Tiidrek Nurme ja Kaur Kivistik. Lisaks individuaalsetele kohtadele on Eesti mehed v\u00e4ljas ka v\u00f5istkondlikus arvestuses.<\/p>\n<p>Viiest 10-v\u00f5istluse normi t\u00e4itnud sportlasest kinnitati koondisesse Maicel Uibo, Karel Tilga ja Janek \u00d5iglane.<\/p>\n<p>Euroopa reitingute alusel p\u00e4\u00e4sesid v\u00f5istlema veel 100m jooksja Karl Erik Nazarov, 110m t\u00f5kkejooksja Keiso Pedriks ning kaugush\u00fcppaja Hans-Christian Hausenberg.<\/p>\n<p>Naiskergej\u00f5ustiklastest esindavad EMil Eestit k\u00f5rgush\u00fcppaja Karmen Bruus, odaviskaja Gedly Tugi ning 400m t\u00f5kkejooksja Marielle Kleemeier.<\/p>\n<p>\u201eV\u00f5istlused l\u00e4hevad p\u00f5nevaks kohe avap\u00e4evadest, mil v\u00f5istlustules on k\u00f5ik meie meessportlased, eriti pingeliseks kujuneb 15. augusti ennel\u00f5una, kui stardis on 8 meest,\u201c tegi koondise v\u00f5istlusgraafiku kohta t\u00e4helepaneku Eesti Kergej\u00f5ustikuliidu president Erich Teigam\u00e4gi.<\/p>\n","protected":false},"excerpt":{"rendered":"<p>Eesti Kergej\u00f5ustikuliidu juhatus kinnitas t\u00e4nasel koosolekul M\u00fcncheni EM-ile s\u00f5itva 12-liikmelise Eesti koondise. 15.-21. augustil toimuvale EMile s\u00f5idavad 9 mees-ja 3 naiskergej\u00f5ustiklast.\u00a0 Maratonis l\u00e4heb v\u00e4lja kolmeliikmeline tiim koosseisus Roman Fosti, Tiidrek Nurme ja Kaur Kivistik. Lisaks individuaalsetele kohtadele on Eesti mehed v\u00e4ljas ka v\u00f5istkondlikus arvestuses. Viiest 10-v\u00f5istluse normi t\u00e4itnud sportlasest kinnitati koondisesse Maicel Uibo, Karel Tilga [&hellip;]<\/p>\n","protected":false},"author":80,"featured_media":143350,"comment_status":"open","ping_status":"open","sticky":false,"template":"","format":"standard","meta":{"_seopress_robots_primary_cat":"none","_seopress_titles_title":"","_seopress_titles_desc":"","_seopress_robots_index":"","footnotes":""},"categories":[201,142],"tags":[],"class_list":{"0":"post-144393","1":"post","2":"type-post","3":"status-publish","4":"format-standard","5":"has-post-thumbnail","7":"category-kergejoustik","8":"category-uudised"},"_links":{"self":[{"href":"https:\/\/www.sekundomer.ee\/et\/wp-json\/wp\/v2\/posts\/144393","targetHints":{"allow":["GET"]}}],"collection":[{"href":"https:\/\/www.sekundomer.ee\/et\/wp-json\/wp\/v2\/posts"}],"about":[{"href":"https:\/\/www.sekundomer.ee\/et\/wp-json\/wp\/v2\/types\/post"}],"author":[{"embeddable":true,"href":"https:\/\/www.sekundomer.ee\/et\/wp-json\/wp\/v2\/users\/80"}],"replies":[{"embeddable":true,"href":"https:\/\/www.sekundomer.ee\/et\/wp-json\/wp\/v2\/comments?post=144393"}],"version-history":[{"count":0,"href":"https:\/\/www.sekundomer.ee\/et\/wp-json\/wp\/v2\/posts\/144393\/revisions"}],"wp:featuredmedia":[{"embeddable":true,"href":"https:\/\/www.sekundomer.ee\/et\/wp-json\/wp\/v2\/media\/143350"}],"wp:attachment":[{"href":"https:\/\/www.sekundomer.ee\/et\/wp-json\/wp\/v2\/media?parent=144393"}],"wp:term":[{"taxonomy":"category","embeddable":true,"href":"https:\/\/www.sekundomer.ee\/et\/wp-json\/wp\/v2\/categories?post=144393"},{"taxonomy":"post_tag","embeddable":true,"href":"https:\/\/www.sekundomer.ee\/et\/wp-json\/wp\/v2\/tags?post=144393"}],"curies":[{"name":"wp","href":"https:\/\/api.w.org\/{rel}","templated":true}]}}