{"id":147149,"date":"2022-10-12T15:34:41","date_gmt":"2022-10-12T12:34:41","guid":{"rendered":"https:\/\/www.sekundomer.ee\/?p=147149"},"modified":"2022-10-12T15:34:41","modified_gmt":"2022-10-12T12:34:41","slug":"14-aastat-kestnud-profikarjaar-aitah-tanel-nende-emotsioonide-eest","status":"publish","type":"post","link":"https:\/\/www.sekundomer.ee\/et\/uudised\/14-aastat-kestnud-profikarjaar-aitah-tanel-nende-emotsioonide-eest\/","title":{"rendered":"14 aastat kestnud profikarj\u00e4\u00e4r \u2013 ait\u00e4h, Tanel, nende emotsioonide eest!"},"content":{"rendered":"<p>T\u00f5eline oskus on l\u00f5petada midagi suurt siis, kui seda ise tahad ning aeg selleks k\u00fcps tundub olevat.<\/p>\n<p>Viimase k\u00fcmnendi \u00fcks edukamaid jalgrattureid, Tanel Kangert, andis eelmisel n\u00e4dalal laiemale avalikkusele teada, et on otsustanud l\u00f5petada 14 aastat kestnud profikarj\u00e4\u00e4ri. \u00dcle tosina aasta tegeleda enda lemmikspordialaga l\u00e4bi v\u00f5itude ja kaotuste, on kindlasti midagi suurt ning aukartust \u00e4ratavat ja v\u00e4\u00e4rib omaette austusavaldust.<\/p>\n<p><em>&#8220;Mul on kogu aeg olnud see m\u00f5te, et sportlasena on \u00fclim \u00f5nn, kui saad l\u00f5petada selliselt, et endale tundub aeg sobiv. Eks see isu sai ka t\u00e4is ja \u00fctlen ausalt, et verd vemmeldama v\u00f5idus\u00f5it enam v\u00e4ga ei pannud. Tundus, et ring sai igas m\u00f5ttes t\u00e4is,\u201c r\u00e4\u00e4kis Kangert ERRile antud intervjuus.<\/em><\/p>\n<p>Aastate jooksul on ta s\u00f5itnud mitmetes tipptiimides: Ag2r (2008-2009), Astana (2011\u20132018) ja EF Education First (2019-2020). Alates 2021. aastast on Tanel Kangert pedaalinud Austraalia World Tour rattatiimi BikeExchange-Jayco ridades, keda \u00f5nnestus t\u00e4nu Tanelile ka t\u00e4navusel Tour of Estonial s\u00f5itmas n\u00e4ha.<\/p>\n<p>Ta on \u00fcheksal korral v\u00f5istelnud Giro d&#8217;Italial ning kahel korral l\u00f5petanud tuuri kokkuv\u00f5ttes 13. kohal. Viis korda on s\u00f5itnud Tour de France&#8217;il ning iga kord tuuri kokkuv\u00f5ttes l\u00f5petanud 30 parema seas. Kolmel korral on osalenud ka Vueltal ning parima \u00fcldkokkuv\u00f5tte koha saavutas 2013. aastal, kui l\u00f5petas tuuri 11. positsioonil.<\/p>\n<p>2016. aasta Rio ol\u00fcmpiam\u00e4ngudel tuli meeste grupis\u00f5idus \u00fcheksandale kohale.<\/p>\n<p>K\u00f5ige eredamalt j\u00e4\u00e4vad aga meelde Taneli t\u00f6\u00f6v\u00f5idud Astanas, kui ta aitas suurmeistri Vincenzo Nibali 2014. aastal viia v\u00f5iduni Tour de France\u2019il ning 2013. ja 2016. aastal Giro d\u2019Italial.<\/p>\n<p>Lisaks v\u00e4lismaistele profis\u00f5itudele, kuhu kuulub 14 aasta jooksul 17 suurtuuri ning kokku pea 800 v\u00f5idus\u00f5itu, on ta leidnud v\u00f5imaluse v\u00f5tta osa ka Tartu Maratoni \u00fcritustest.<\/p>\n<p>Eredamalt on meeles SEB Tartu Grand Prix ning Tartu Rattamaratoni v\u00f5idud 2010. aastal. Mainimata ei saa j\u00e4tta ka 2011. aasta Tartu Rattamaratoni, kus Tanel triumfeeris v\u00e4hem kui n\u00e4dal p\u00e4rast Hispaania velotuuri Vuelta l\u00f5petamist. Lisaks 14 rattav\u00f5istlusele on Tanel Kangert fini\u0161eerinud \u00fchel korral ka Tartu suusamaratonil, 2005. aastal.<\/p>\n<p>Klubi Tartu Maratoni \u00fcrituste peakorraldaja Indrek Kelgu s\u00f5nul on Kangerti osalemine kohalikel rahvaspordi\u00fcritustel aidanud kindlasti s\u00fctitada noortes indu tegeleda rattaspordiga ning andnud lootust, et \u00fchel p\u00e4eval j\u00f5utakse ka sinna k\u00f5ige teravamasse tippu. <em>\u201eTaneli panus Eesti jalgrattasporti ning j\u00e4reltulevatesse p\u00f5lvedesse on kindlasti suurem kui me ehk aimata oskamegi. 14 aastat on pikk aeg ja nende aastate jooksul on ta j\u00f5udnud jalgrattaspordi jaoks v\u00e4ga palju \u00e4ra teha ja v\u00e4him, mis me teha saame, on teda selle suure panuse eest t\u00e4nada.\u201c <\/em><\/p>\n<p>V\u00f5ttes s\u00f5nasabast kinni: <em>\u201e<\/em><em>Hoian head enesetunnet, tervist, panen ehk end m\u00f5nel v\u00f5istlusel proovile, aga m\u00f5nes teises formaadis kui rattaga maanteel,\u201d<\/em> siis tea, et oled meie \u00fcritustele alati tagasi oodatud!<\/p>\n<p>Ait\u00e4h, Tanel!<\/p>\n<p>Liisa-Lotta Veiken<br \/>\nTurundus ja kommunikatsioon<br \/>\nMT\u00dc Klubi Tartu Maraton<\/p>\n","protected":false},"excerpt":{"rendered":"<p>T\u00f5eline oskus on l\u00f5petada midagi suurt siis, kui seda ise tahad ning aeg selleks k\u00fcps tundub olevat. Viimase k\u00fcmnendi \u00fcks edukamaid jalgrattureid, Tanel Kangert, andis eelmisel n\u00e4dalal laiemale avalikkusele teada, et on otsustanud l\u00f5petada 14 aastat kestnud profikarj\u00e4\u00e4ri. \u00dcle tosina aasta tegeleda enda lemmikspordialaga l\u00e4bi v\u00f5itude ja kaotuste, on kindlasti midagi suurt ning aukartust \u00e4ratavat [&hellip;]<\/p>\n","protected":false},"author":80,"featured_media":147150,"comment_status":"open","ping_status":"open","sticky":false,"template":"","format":"standard","meta":{"_seopress_robots_primary_cat":"none","_seopress_titles_title":"","_seopress_titles_desc":"","_seopress_robots_index":"","footnotes":""},"categories":[159,142],"tags":[982],"class_list":{"0":"post-147149","1":"post","2":"type-post","3":"status-publish","4":"format-standard","5":"has-post-thumbnail","7":"category-jalgratas","8":"category-uudised","9":"tag-tanel-kangert-et"},"_links":{"self":[{"href":"https:\/\/www.sekundomer.ee\/et\/wp-json\/wp\/v2\/posts\/147149","targetHints":{"allow":["GET"]}}],"collection":[{"href":"https:\/\/www.sekundomer.ee\/et\/wp-json\/wp\/v2\/posts"}],"about":[{"href":"https:\/\/www.sekundomer.ee\/et\/wp-json\/wp\/v2\/types\/post"}],"author":[{"embeddable":true,"href":"https:\/\/www.sekundomer.ee\/et\/wp-json\/wp\/v2\/users\/80"}],"replies":[{"embeddable":true,"href":"https:\/\/www.sekundomer.ee\/et\/wp-json\/wp\/v2\/comments?post=147149"}],"version-history":[{"count":0,"href":"https:\/\/www.sekundomer.ee\/et\/wp-json\/wp\/v2\/posts\/147149\/revisions"}],"wp:featuredmedia":[{"embeddable":true,"href":"https:\/\/www.sekundomer.ee\/et\/wp-json\/wp\/v2\/media\/147150"}],"wp:attachment":[{"href":"https:\/\/www.sekundomer.ee\/et\/wp-json\/wp\/v2\/media?parent=147149"}],"wp:term":[{"taxonomy":"category","embeddable":true,"href":"https:\/\/www.sekundomer.ee\/et\/wp-json\/wp\/v2\/categories?post=147149"},{"taxonomy":"post_tag","embeddable":true,"href":"https:\/\/www.sekundomer.ee\/et\/wp-json\/wp\/v2\/tags?post=147149"}],"curies":[{"name":"wp","href":"https:\/\/api.w.org\/{rel}","templated":true}]}}