{"id":147629,"date":"2022-10-26T18:14:48","date_gmt":"2022-10-26T15:14:48","guid":{"rendered":"https:\/\/www.sekundomer.ee\/?p=147629"},"modified":"2022-10-26T18:14:48","modified_gmt":"2022-10-26T15:14:48","slug":"kultuurkapitali-ida-virumaa-ekspertgrupp-kutsub-ules-esitama-maakondlike-preemiate-kandidaate","status":"publish","type":"post","link":"https:\/\/www.sekundomer.ee\/et\/uudised\/kultuurkapitali-ida-virumaa-ekspertgrupp-kutsub-ules-esitama-maakondlike-preemiate-kandidaate\/","title":{"rendered":"Kultuurkapitali Ida-Virumaa ekspertgrupp kutsub \u00fcles esitama maakondlike preemiate kandidaate"},"content":{"rendered":"<p>Kandidaatide esitamise t\u00e4htaeg on 21. november 2022.<\/p>\n<p><em>Preemia \u201eKultuurip\u00e4rl 2022\u201c<\/em><br \/>\nPreemiaga tunnustatakse kunsti-, rahvakultuuri- ning spordivaldkonna inimeste t\u00f6\u00f6d ja innustatakse erialast p\u00fchendumist. Kultuurip\u00e4rli kandidaadiks v\u00f5ib esitada Ida-Virumaal tegutsevaid f\u00fc\u00fcsilisi isikuid, kes on 2022. aastal maakonna kultuuri- ja spordielu edendamisel silma paistnud.<\/p>\n<p><em>Elut\u00f6\u00f6preemia<\/em><br \/>\nPikaajalise loomingulise v\u00f5i spordialase tegevuse ja valdkonna arengusse panustamise tunnustamiseks annab ekspertgrupp igal aastal v\u00e4lja \u00fche elut\u00f6\u00f6preemia. Preemia eraldatakse f\u00fc\u00fcsilisele isikule.<\/p>\n<p><em>Ekspertgrupi aastapreemiad<\/em><br \/>\nAastapreemiatega tunnustatakse Ida-Virumaa kultuuri- ja spordivaldkonnas silmapaistnud isikuid v\u00f5i saavutusi ergutamaks kultuuri- v\u00f5i spordielu arengut maakonnas. Ekspertgrupi aastapreemia v\u00f5ib eraldada f\u00fc\u00fcsilisele v\u00f5i juriidilisele isikule. Kui preemia saajaid on rohkem kui \u00fcks isik, jaguneb preemia saajate vahel v\u00f5rdselt v\u00f5i vastavalt ekspertgrupi otsusele. Aastapreemiat ei eraldata f\u00fc\u00fcsilisele isikule mitmel j\u00e4rjestikusel aastal.<br \/>\nIda-Virumaa ekspertgrupp ootab hiljemalt 21. novembriks vabas vormis ettepanekuid v\u00f5i taotlusi, milles peavad olema:<\/p>\n<p>* l\u00fchike kirjeldus kandidaadi loomingulistest v\u00f5i sportlikest saavutustest;<br \/>\n* kandidaadi tutvustus ja andmed (nimi, isikukood, aadress, telefon, e-post);<br \/>\n* esitaja kontaktandmed.<br \/>\nKandidaate v\u00f5ivad esitada k\u00f5ik f\u00fc\u00fcsilised isikud ja organisatsioonid. Ettepanekut preemia eraldamiseks ei saa teha riigiasutuste v\u00f5i -organisatsioonide t\u00f6\u00f6tajatele t\u00f6\u00f6\u00fclesannete t\u00e4itmise eest.<br \/>\nEnne ettepanekute tegemist palume tutvuda Ida-Virumaa ekspertgrupi raha jagamise <strong><a href=\"https:\/\/www.kulka.ee\/ekspertgrupid\/ida-virumaa\/raha-jagamise-kord\">korraga<\/a><\/strong>. Kirjalikud ettepanekud palume saata e-posti aadressil:\u00a0<a title=\"idavirumaa@kulka.ee\">idavirumaa@kulka.ee<\/a><br \/>\nLisainfo: Angela R\u00e4tsep, tel 53 40 84 34<\/p>\n","protected":false},"excerpt":{"rendered":"<p>Kandidaatide esitamise t\u00e4htaeg on 21. november 2022. Preemia \u201eKultuurip\u00e4rl 2022\u201c Preemiaga tunnustatakse kunsti-, rahvakultuuri- ning spordivaldkonna inimeste t\u00f6\u00f6d ja innustatakse erialast p\u00fchendumist. Kultuurip\u00e4rli kandidaadiks v\u00f5ib esitada Ida-Virumaal tegutsevaid f\u00fc\u00fcsilisi isikuid, kes on 2022. aastal maakonna kultuuri- ja spordielu edendamisel silma paistnud. Elut\u00f6\u00f6preemia Pikaajalise loomingulise v\u00f5i spordialase tegevuse ja valdkonna arengusse panustamise tunnustamiseks annab ekspertgrupp igal [&hellip;]<\/p>\n","protected":false},"author":80,"featured_media":147630,"comment_status":"open","ping_status":"open","sticky":false,"template":"","format":"standard","meta":{"_seopress_robots_primary_cat":"none","_seopress_titles_title":"","_seopress_titles_desc":"","_seopress_robots_index":"","footnotes":""},"categories":[142],"tags":[990],"class_list":{"0":"post-147629","1":"post","2":"type-post","3":"status-publish","4":"format-standard","5":"has-post-thumbnail","7":"category-uudised","8":"tag-ida-virumaa-ekspertgrupp"},"_links":{"self":[{"href":"https:\/\/www.sekundomer.ee\/et\/wp-json\/wp\/v2\/posts\/147629","targetHints":{"allow":["GET"]}}],"collection":[{"href":"https:\/\/www.sekundomer.ee\/et\/wp-json\/wp\/v2\/posts"}],"about":[{"href":"https:\/\/www.sekundomer.ee\/et\/wp-json\/wp\/v2\/types\/post"}],"author":[{"embeddable":true,"href":"https:\/\/www.sekundomer.ee\/et\/wp-json\/wp\/v2\/users\/80"}],"replies":[{"embeddable":true,"href":"https:\/\/www.sekundomer.ee\/et\/wp-json\/wp\/v2\/comments?post=147629"}],"version-history":[{"count":0,"href":"https:\/\/www.sekundomer.ee\/et\/wp-json\/wp\/v2\/posts\/147629\/revisions"}],"wp:featuredmedia":[{"embeddable":true,"href":"https:\/\/www.sekundomer.ee\/et\/wp-json\/wp\/v2\/media\/147630"}],"wp:attachment":[{"href":"https:\/\/www.sekundomer.ee\/et\/wp-json\/wp\/v2\/media?parent=147629"}],"wp:term":[{"taxonomy":"category","embeddable":true,"href":"https:\/\/www.sekundomer.ee\/et\/wp-json\/wp\/v2\/categories?post=147629"},{"taxonomy":"post_tag","embeddable":true,"href":"https:\/\/www.sekundomer.ee\/et\/wp-json\/wp\/v2\/tags?post=147629"}],"curies":[{"name":"wp","href":"https:\/\/api.w.org\/{rel}","templated":true}]}}