{"id":150599,"date":"2023-01-26T12:53:44","date_gmt":"2023-01-26T10:53:44","guid":{"rendered":"https:\/\/www.sekundomer.ee\/?p=150599"},"modified":"2023-01-26T12:57:54","modified_gmt":"2023-01-26T10:57:54","slug":"mihhail-selevko-parast-luhikava-11-kohal","status":"publish","type":"post","link":"https:\/\/www.sekundomer.ee\/et\/uudised\/mihhail-selevko-parast-luhikava-11-kohal\/","title":{"rendered":"Mihhail Selevko p\u00e4rast l\u00fchikava 11. kohal"},"content":{"rendered":"<p>P\u00e4rast esimest v\u00f5istlusp\u00e4eva selgusid Euroopa meistriv\u00f5istlustel iluuisutamises parimad tulemused paariss\u00f5idu ja meeste \u00fcksiks\u00f5idu l\u00fchikavas.<\/p>\n<p>Mihhail Selevko on praegu 11. \u00a0kohal punktidega 73,74. Ta sooritas kavas kaks neljakordset h\u00fcpet, kuid kahjuks eba\u00f5nnestus tal kaskaad, mis maksis talle palju punkte. P\u00e4rast l\u00fchikava juhib noor prantsuse iluuisutaja Adam Siao Him Fa punktidega 96,53.<\/p>\n<p>Paariss\u00f5idus on p\u00e4rast l\u00fchikava juhtpositsioonil itaalia paar Sara Conti \u2013 Niccolo Macii 70,45 punktiga.<\/p>\n<p>Neljap\u00e4eval 26. jaanuaril l\u00e4hevad v\u00f5istlustulle l\u00fchikavaga nais\u00fcksiks\u00f5itjad ja selguvad paariss\u00f5idu v\u00f5istluste v\u00f5itjad. Eestist esindavad Niina Petr\u00f5kina ja Eva-Lotta Kiibus, Niina Petr\u00f5kina v\u00f5istleb kuue parima hulgas ehk \u201ekuumas grupis\u201c.<\/p>\n<p>Naiste \u00fcksiks\u00f5it algab kell 13.35 ja paariss\u00f5idu vabakava kell 19.35.<\/p>\n<p><em>Ia Remmel<\/em><\/p>\n","protected":false},"excerpt":{"rendered":"<p>P\u00e4rast esimest v\u00f5istlusp\u00e4eva selgusid Euroopa meistriv\u00f5istlustel iluuisutamises parimad tulemused paariss\u00f5idu ja meeste \u00fcksiks\u00f5idu l\u00fchikavas. Mihhail Selevko on praegu 11. \u00a0kohal punktidega 73,74. Ta sooritas kavas kaks neljakordset h\u00fcpet, kuid kahjuks eba\u00f5nnestus tal kaskaad, mis maksis talle palju punkte. P\u00e4rast l\u00fchikava juhib noor prantsuse iluuisutaja Adam Siao Him Fa punktidega 96,53. Paariss\u00f5idus on p\u00e4rast l\u00fchikava juhtpositsioonil [&hellip;]<\/p>\n","protected":false},"author":80,"featured_media":150595,"comment_status":"open","ping_status":"open","sticky":false,"template":"","format":"standard","meta":{"_seopress_robots_primary_cat":"none","_seopress_titles_title":"","_seopress_titles_desc":"","_seopress_robots_index":"","footnotes":""},"categories":[199,142],"tags":[842],"class_list":{"0":"post-150599","1":"post","2":"type-post","3":"status-publish","4":"format-standard","5":"has-post-thumbnail","7":"category-iluuisutamine","8":"category-uudised","9":"tag-mihhail-selevko"},"_links":{"self":[{"href":"https:\/\/www.sekundomer.ee\/et\/wp-json\/wp\/v2\/posts\/150599","targetHints":{"allow":["GET"]}}],"collection":[{"href":"https:\/\/www.sekundomer.ee\/et\/wp-json\/wp\/v2\/posts"}],"about":[{"href":"https:\/\/www.sekundomer.ee\/et\/wp-json\/wp\/v2\/types\/post"}],"author":[{"embeddable":true,"href":"https:\/\/www.sekundomer.ee\/et\/wp-json\/wp\/v2\/users\/80"}],"replies":[{"embeddable":true,"href":"https:\/\/www.sekundomer.ee\/et\/wp-json\/wp\/v2\/comments?post=150599"}],"version-history":[{"count":0,"href":"https:\/\/www.sekundomer.ee\/et\/wp-json\/wp\/v2\/posts\/150599\/revisions"}],"wp:featuredmedia":[{"embeddable":true,"href":"https:\/\/www.sekundomer.ee\/et\/wp-json\/wp\/v2\/media\/150595"}],"wp:attachment":[{"href":"https:\/\/www.sekundomer.ee\/et\/wp-json\/wp\/v2\/media?parent=150599"}],"wp:term":[{"taxonomy":"category","embeddable":true,"href":"https:\/\/www.sekundomer.ee\/et\/wp-json\/wp\/v2\/categories?post=150599"},{"taxonomy":"post_tag","embeddable":true,"href":"https:\/\/www.sekundomer.ee\/et\/wp-json\/wp\/v2\/tags?post=150599"}],"curies":[{"name":"wp","href":"https:\/\/api.w.org\/{rel}","templated":true}]}}